{"id":665,"date":"2012-06-12T11:33:20","date_gmt":"2012-06-12T11:33:20","guid":{"rendered":"http:\/\/blogs.hoy.es\/senderosextremadura\/?p=665"},"modified":"2012-06-12T11:33:20","modified_gmt":"2012-06-12T11:33:20","slug":"v-ruta-de-los-murcielagos-de-merida-a-aljucen-23-de-junio","status":"publish","type":"post","link":"https:\/\/blogs.hoy.es\/senderosextremadura\/2012\/06\/12\/v-ruta-de-los-murcielagos-de-merida-a-aljucen-23-de-junio\/","title":{"rendered":"V Ruta de los Murci\u00e9lagos, de M\u00e9rida a Aljuc\u00e9n (23 de junio)"},"content":{"rendered":"<p><a href=\"https:\/\/blogs.hoy.es\/senderosextremadura\/2012\/06\/12\/v-ruta-de-los-murcielagos-de-merida-a-aljucen-23-de-junio\/nocturna\/\" rel=\"attachment wp-att-666\"><img loading=\"lazy\" class=\"alignleft size-full wp-image-666\" title=\"nocturna\" src=\"\/senderosextremadura\/wp-content\/uploads\/sites\/22\/2012\/06\/nocturna.jpg\" alt=\"\" width=\"300\" height=\"225\" \/><\/a>Como todos los a\u00f1os, el <strong>Club de Senderismo Em\u00e9rita Augusta<\/strong> organiza su cl\u00e1sica <strong>Ruta de los Murci\u00e9lagos <\/strong>para poner el broche final a la temporada.\u00a0 Se trata de una marcha exclusiva para socios y sus parejas.<\/p>\n<p><strong>Paloma Calleja Esp\u00e1rrago y Jos\u00e9 Antonio Galv\u00e1n Blanco <\/strong>colaboran con el evento cediendo su magnifica casa de campo, situada en un precioso y singular paraje, lugar de excepci\u00f3n, pr\u00f3ximo a la estaci\u00f3n de ferrocarril de Aljuc\u00e9n. Los participantes saldr\u00e1n a las 21 horas del s\u00e1bado 23 de junio en el recinto ferial de M\u00e9rida para llegar en coches particulares al lugar de salida.<\/p>\n<p>La marcha se iniciar\u00e1 con frontales o linternas, por el c\u00f3modo camino y perfectamente adaptado a la margen derecha del r\u00edo Guadiana,\u00a0 que con una longitud de 5,5 kil\u00f3metros aproximadamente y tras emplear escasamente una hora en su recorrido llegaremos a la casa de campo<strong> <\/strong>, previamente y sobre la mitad del recorrido nos encontraremos con nuestros compa\u00f1eros conductores que vendr\u00e1n a nuestro encuentro en sentido contrario.<\/p>\n<p>Mientras tanto, algunos compa\u00f1eros designados para este fin de log\u00edstica e intendencia\u00a0 y capitaneados por los cocineros Jefe, <strong>Antonio Colomo y Jos\u00e9 Antonio Galv\u00e1n<\/strong>, preparar\u00e1n una selecci\u00f3n de primeros platos para continuar con los segundos (que este a\u00f1o ser\u00e1n sorpresa) y todo ello regados con buen vino y dem\u00e1s bebidas, celebraremos nuestro merecid\u00edsimo final de temporada.<\/p>\n<p>Este a\u00f1o y como viene siendo una tradici\u00f3n del club en este evento, convocamos el V concurso gastron\u00f3mico. Este a\u00f1o habr\u00e1 que llevar un postre.<\/p>\n<p>El club retoma sus actividades en septiembre, con una ruta por los Alpes Julianos, nada menos que en Eslovenia. <strong>\u00a0<\/strong><\/p>\n<!-- AddThis Advanced Settings generic via filter on the_content --><!-- AddThis Share Buttons generic via filter on the_content -->","protected":false},"excerpt":{"rendered":"<p>Como todos los a\u00f1os, el Club de Senderismo Em\u00e9rita Augusta organiza su cl\u00e1sica Ruta de los Murci\u00e9lagos para poner el broche final a la temporada.\u00a0 Se trata de una marcha exclusiva para socios y sus parejas. Paloma Calleja Esp\u00e1rrago y Jos\u00e9 Antonio Galv\u00e1n Blanco colaboran con el evento cediendo su magnifica casa de campo, situada [&hellip;]<!-- AddThis Advanced Settings generic via filter on get_the_excerpt --><!-- AddThis Share Buttons generic via filter on get_the_excerpt --><\/p>\n","protected":false},"author":27,"featured_media":0,"comment_status":"open","ping_status":"closed","sticky":false,"template":"","format":"standard","meta":[],"categories":[4],"tags":[37,495,546,572,713],"_links":{"self":[{"href":"https:\/\/blogs.hoy.es\/senderosextremadura\/wp-json\/wp\/v2\/posts\/665"}],"collection":[{"href":"https:\/\/blogs.hoy.es\/senderosextremadura\/wp-json\/wp\/v2\/posts"}],"about":[{"href":"https:\/\/blogs.hoy.es\/senderosextremadura\/wp-json\/wp\/v2\/types\/post"}],"author":[{"embeddable":true,"href":"https:\/\/blogs.hoy.es\/senderosextremadura\/wp-json\/wp\/v2\/users\/27"}],"replies":[{"embeddable":true,"href":"https:\/\/blogs.hoy.es\/senderosextremadura\/wp-json\/wp\/v2\/comments?post=665"}],"version-history":[{"count":0,"href":"https:\/\/blogs.hoy.es\/senderosextremadura\/wp-json\/wp\/v2\/posts\/665\/revisions"}],"wp:attachment":[{"href":"https:\/\/blogs.hoy.es\/senderosextremadura\/wp-json\/wp\/v2\/media?parent=665"}],"wp:term":[{"taxonomy":"category","embeddable":true,"href":"https:\/\/blogs.hoy.es\/senderosextremadura\/wp-json\/wp\/v2\/categories?post=665"},{"taxonomy":"post_tag","embeddable":true,"href":"https:\/\/blogs.hoy.es\/senderosextremadura\/wp-json\/wp\/v2\/tags?post=665"}],"curies":[{"name":"wp","href":"https:\/\/api.w.org\/{rel}","templated":true}]}}