{"id":673,"date":"2012-06-13T08:46:06","date_gmt":"2012-06-13T08:46:06","guid":{"rendered":"http:\/\/blogs.hoy.es\/senderosextremadura\/?p=673"},"modified":"2012-06-13T08:46:06","modified_gmt":"2012-06-13T08:46:06","slug":"pito-pitolero-despedida-antes-del-paron-estival-21-de-julio","status":"publish","type":"post","link":"https:\/\/blogs.hoy.es\/senderosextremadura\/2012\/06\/13\/pito-pitolero-despedida-antes-del-paron-estival-21-de-julio\/","title":{"rendered":"Pito Pitolero, despedida oficial antes del par\u00f3n veraniego (21 de julio)"},"content":{"rendered":"<p><a href=\"https:\/\/blogs.hoy.es\/senderosextremadura\/2012\/06\/13\/pito-pitolero-despedida-antes-del-paron-estival-21-de-julio\/trasierra\/\" rel=\"attachment wp-att-675\"><img loading=\"lazy\" class=\"alignleft size-full wp-image-675\" title=\"trasierra\" src=\"\/senderosextremadura\/wp-content\/uploads\/sites\/22\/2012\/06\/trasierra.jpg\" alt=\"\" width=\"426\" height=\"213\" srcset=\"https:\/\/static-blogs.hoy.es\/wp-content\/uploads\/sites\/22\/2012\/06\/trasierra.jpg 400w, https:\/\/static-blogs.hoy.es\/wp-content\/uploads\/sites\/22\/2012\/06\/trasierra-300x150.jpg 300w\" sizes=\"(max-width: 426px) 100vw, 426px\" \/><\/a>El <a href=\"https:\/\/blogs.hoy.es\/senderosextremadura\/2012\/02\/23\/calendario-del-circuito-extremeno-de-rutas-senderistas\/\" target=\"_blank\"><strong>Circuito Extreme\u00f1o de Senderismo 2012<\/strong><\/a> alcanza su ecuador el <strong>21 de julio<\/strong>, con una ruta nocturna por <strong>Cabezabellosa,<\/strong> entre el Valle del Jerte y el Ambroz. Es la \u00faltima programaci\u00f3n organizada por la <strong>FEXME<\/strong> con apoyo de la <strong>Direcci\u00f3n General de Deportes de la Junta<\/strong> antes de que los intensos calores estivales supongan un par\u00e9ntesis en la actividad senderista extreme\u00f1a. Los caminantes que participen en esta ruta nocturna subir\u00e1n al <strong>Pico Pitolero<\/strong>, paraje situado a una altura de 1.352 metros. En este trazado se encuentra el <strong>roble Romanejo<\/strong>, \u00e1rbol centenario de importante inter\u00e9s natural. Esta ruta es una de las m\u00e1s frecuentadas de la mancomunidad <strong>Trasierra-Tierras de Granadilla<\/strong>. Es de dificultad media y se recorren unos <strong>12 kil\u00f3metros<\/strong>.<\/p>\n<!-- AddThis Advanced Settings generic via filter on the_content --><!-- AddThis Share Buttons generic via filter on the_content -->","protected":false},"excerpt":{"rendered":"<p>El Circuito Extreme\u00f1o de Senderismo 2012 alcanza su ecuador el 21 de julio, con una ruta nocturna por Cabezabellosa, entre el Valle del Jerte y el Ambroz. Es la \u00faltima programaci\u00f3n organizada por la FEXME con apoyo de la Direcci\u00f3n General de Deportes de la Junta antes de que los intensos calores estivales supongan un [&hellip;]<!-- AddThis Advanced Settings generic via filter on get_the_excerpt --><!-- AddThis Share Buttons generic via filter on get_the_excerpt --><\/p>\n","protected":false},"author":27,"featured_media":0,"comment_status":"open","ping_status":"closed","sticky":false,"template":"","format":"standard","meta":[],"categories":[4],"tags":[117,121,359,699,1028],"_links":{"self":[{"href":"https:\/\/blogs.hoy.es\/senderosextremadura\/wp-json\/wp\/v2\/posts\/673"}],"collection":[{"href":"https:\/\/blogs.hoy.es\/senderosextremadura\/wp-json\/wp\/v2\/posts"}],"about":[{"href":"https:\/\/blogs.hoy.es\/senderosextremadura\/wp-json\/wp\/v2\/types\/post"}],"author":[{"embeddable":true,"href":"https:\/\/blogs.hoy.es\/senderosextremadura\/wp-json\/wp\/v2\/users\/27"}],"replies":[{"embeddable":true,"href":"https:\/\/blogs.hoy.es\/senderosextremadura\/wp-json\/wp\/v2\/comments?post=673"}],"version-history":[{"count":0,"href":"https:\/\/blogs.hoy.es\/senderosextremadura\/wp-json\/wp\/v2\/posts\/673\/revisions"}],"wp:attachment":[{"href":"https:\/\/blogs.hoy.es\/senderosextremadura\/wp-json\/wp\/v2\/media?parent=673"}],"wp:term":[{"taxonomy":"category","embeddable":true,"href":"https:\/\/blogs.hoy.es\/senderosextremadura\/wp-json\/wp\/v2\/categories?post=673"},{"taxonomy":"post_tag","embeddable":true,"href":"https:\/\/blogs.hoy.es\/senderosextremadura\/wp-json\/wp\/v2\/tags?post=673"}],"curies":[{"name":"wp","href":"https:\/\/api.w.org\/{rel}","templated":true}]}}