{"id":676,"date":"2012-06-13T10:59:57","date_gmt":"2012-06-13T10:59:57","guid":{"rendered":"http:\/\/blogs.hoy.es\/senderosextremadura\/?p=676"},"modified":"2012-06-13T10:59:57","modified_gmt":"2012-06-13T10:59:57","slug":"iv-ruta-alfonso-xiii-por-las-hurdes-23-de-junio-2","status":"publish","type":"post","link":"https:\/\/blogs.hoy.es\/senderosextremadura\/2012\/06\/13\/iv-ruta-alfonso-xiii-por-las-hurdes-23-de-junio-2\/","title":{"rendered":"IV Ruta Alfonso XIII, por Las Hurdes (23 de junio)"},"content":{"rendered":"<p><a href=\"https:\/\/blogs.hoy.es\/senderosextremadura\/2012\/06\/13\/iv-ruta-alfonso-xiii-por-las-hurdes-23-de-junio-2\/hurdes-2\/\" rel=\"attachment wp-att-683\"><img loading=\"lazy\" class=\"alignleft size-full wp-image-683\" title=\"hurdes\" src=\"\/senderosextremadura\/wp-content\/uploads\/sites\/22\/2012\/06\/hurdes.jpg\" alt=\"\" width=\"454\" height=\"315\" srcset=\"https:\/\/static-blogs.hoy.es\/wp-content\/uploads\/sites\/22\/2012\/06\/hurdes.jpg 454w, https:\/\/static-blogs.hoy.es\/wp-content\/uploads\/sites\/22\/2012\/06\/hurdes-300x208.jpg 300w\" sizes=\"(max-width: 454px) 100vw, 454px\" \/><\/a>F\u00c9LIX BARROSO | El pr\u00f3ximo 23 de junio, s\u00e1bado, se dar\u00e1 el pistoletazo de salida ala <strong>IV Ruta Senderista\u201cAlfonso XIII<\/strong>\u201d, que, seg\u00fan palabras de Jos\u00e9 Pedro Dom\u00ednguez Dom\u00ednguez, director del Centro de Documentaci\u00f3n de Las Hurdes, \u201cpretende impulsar parte del camino que sigui\u00f3 el rey Alfonso XIII en su visita a la comarca hurdana en junio de 1922, como medio de promoci\u00f3n del turismo cultural y de acercamiento a los recursos end\u00f3genos de la citada comarca\u201d.<\/p>\n<p>La inscripci\u00f3n para participar en esta ruta es completamente gratuita.\u00a0 Basta con ponerse en contacto con el tel\u00e9fono 927674133, o con el correo <a href=\"mailto:centrodocumentacion@mancomunidaddhurdes.org\">centrodocumentacion@mancomunidaddhurdes.org<\/a> , antes del d\u00eda 20. Los participantes ser\u00e1n recepcionados en la localidad de Las Mestas a las 6,45 horas, marchando en autob\u00fas hasta Casares de Las Hurdes.\u00a0 Sobre las 7,30 horas, se iniciar\u00e1 la marcha, que tiene una dificultad media-alta.\u00a0 El recorrido ser\u00e1 de unos21 km., con un tiempo aproximado de 7 horas.\u00a0 Las personas que participen deber\u00e1n inscribirse obligatoriamente antes dela marcha.\u00a0 La edad m\u00ednima ser\u00e1 de 18 a\u00f1os, o bien menores de tal edad siempre y cuando vayan acompa\u00f1ados de un adulto.\u00a0 Se dispone de un veh\u00edculo de apoyo, para paliar cualquier incidencia que surja.<\/p>\n<p>Esta ruta recorre parte de los t\u00e9rminos de los concejos de Casares de Las Hurdes y Ladrillar (conocido antiguamente como Concejo de La Rivera), y aparte de sus impresionantes panor\u00e1micas, va jalonando enclaves de arquitectura negra e importantes hitos arqueol\u00f3gicos (petroglifos dela \u201cPe\u00f1ael Huevo\u201d, minados aur\u00edferos romanos de \u201cLa Cueva del T\u00edo Leoncio\u201d y \u201cCueva de la Mora\u201d, asentamiento de \u201cLombo Genal\u201d, etc.).\u00a0 Tambi\u00e9n se pueden observar antiguos lagares de aceite, el Centro de Informaci\u00f3n de Las Hurdes en Riomalo de Arriba, dep\u00f3sitos de f\u00f3siles del per\u00edodo Paleozoico, endemismos bot\u00e1nicos y el legendario enebro de Las Mestas, declarado como \u201c\u00e1rbol singular\u201d por la Junta de Extremadura.\u00a0 Los participantes pueden, igualmente, adquirir productos de la tierra, como la miel y el polen \u201cT\u00edo Picho\u201d, y el archiconocido y reconstituyente\u00a0 \u201cCiripolen\u201d, cuyas patentes se encuentran en la mentada aldea de Las Mestas.<\/p>\n<p>La organizaci\u00f3n del evento corre a cargo de la Mancomunidad de Las Hurdes, siendo financiado por ADICHURDES (Asociaci\u00f3n para el Desarrollo Integral de la Comarca de Las Hurdes).\u00a0 Colaboran, as\u00ed mismo, diversas empresas de la zona.<\/p>\n<!-- AddThis Advanced Settings generic via filter on the_content --><!-- AddThis Share Buttons generic via filter on the_content -->","protected":false},"excerpt":{"rendered":"<p>F\u00c9LIX BARROSO | El pr\u00f3ximo 23 de junio, s\u00e1bado, se dar\u00e1 el pistoletazo de salida ala IV Ruta Senderista\u201cAlfonso XIII\u201d, que, seg\u00fan palabras de Jos\u00e9 Pedro Dom\u00ednguez Dom\u00ednguez, director del Centro de Documentaci\u00f3n de Las Hurdes, \u201cpretende impulsar parte del camino que sigui\u00f3 el rey Alfonso XIII en su visita a la comarca hurdana en [&hellip;]<!-- AddThis Advanced Settings generic via filter on get_the_excerpt --><!-- AddThis Share Buttons generic via filter on get_the_excerpt --><\/p>\n","protected":false},"author":27,"featured_media":0,"comment_status":"open","ping_status":"closed","sticky":false,"template":"","format":"standard","meta":[],"categories":[4],"tags":[121,301,398,713,906,942],"_links":{"self":[{"href":"https:\/\/blogs.hoy.es\/senderosextremadura\/wp-json\/wp\/v2\/posts\/676"}],"collection":[{"href":"https:\/\/blogs.hoy.es\/senderosextremadura\/wp-json\/wp\/v2\/posts"}],"about":[{"href":"https:\/\/blogs.hoy.es\/senderosextremadura\/wp-json\/wp\/v2\/types\/post"}],"author":[{"embeddable":true,"href":"https:\/\/blogs.hoy.es\/senderosextremadura\/wp-json\/wp\/v2\/users\/27"}],"replies":[{"embeddable":true,"href":"https:\/\/blogs.hoy.es\/senderosextremadura\/wp-json\/wp\/v2\/comments?post=676"}],"version-history":[{"count":0,"href":"https:\/\/blogs.hoy.es\/senderosextremadura\/wp-json\/wp\/v2\/posts\/676\/revisions"}],"wp:attachment":[{"href":"https:\/\/blogs.hoy.es\/senderosextremadura\/wp-json\/wp\/v2\/media?parent=676"}],"wp:term":[{"taxonomy":"category","embeddable":true,"href":"https:\/\/blogs.hoy.es\/senderosextremadura\/wp-json\/wp\/v2\/categories?post=676"},{"taxonomy":"post_tag","embeddable":true,"href":"https:\/\/blogs.hoy.es\/senderosextremadura\/wp-json\/wp\/v2\/tags?post=676"}],"curies":[{"name":"wp","href":"https:\/\/api.w.org\/{rel}","templated":true}]}}