{"id":68,"date":"2012-02-29T11:52:48","date_gmt":"2012-02-29T11:52:48","guid":{"rendered":"http:\/\/blogs.hoy.es\/senderosextremadura\/?p=68"},"modified":"2012-02-29T11:52:48","modified_gmt":"2012-02-29T11:52:48","slug":"alcantara-organiza-su-ruta-balcon-del-mundo-3-de-marzo","status":"publish","type":"post","link":"https:\/\/blogs.hoy.es\/senderosextremadura\/2012\/02\/29\/alcantara-organiza-su-ruta-balcon-del-mundo-3-de-marzo\/","title":{"rendered":"Alc\u00e1ntara te lleva al &#039;Balc\u00f3n del Mundo&#039; (3 de marzo)"},"content":{"rendered":"<p><a href=\"\/senderosextremadura\/wp-content\/uploads\/sites\/22\/2012\/02\/alcantara.jpg\"><img loading=\"lazy\" class=\"alignright size-large wp-image-69\" title=\"alcantara\" src=\"\/senderosextremadura\/wp-content\/uploads\/sites\/22\/2012\/02\/alcantara.jpg\" alt=\"\" width=\"368\" height=\"277\" \/><\/a>La <strong>Asociaci\u00f3n Cultural AMITUR<\/strong> en colaboraci\u00f3n con el <strong><a href=\"http:\/\/www.alcantara.es\/\" target=\"_blank\" rel=\"external nofollow\">Ayuntamiento de Alc\u00e1ntara<\/a><\/strong>, tiene previsto realizar el d\u00eda 3 de marzo una ruta senderista que partir\u00e1 a las 9:30 h. desde la Plaza de la Corredera (Alc\u00e1ntara).<\/p>\n<p>Es una las actividades programadas dentro la Matanza Popular de Alc\u00e1ntara, que se viene celebrando desde 1996, y que a\u00f1o tras a\u00f1o recibe una gran afluencia de visitantes.<\/p>\n<p>Forma parte del GR-113 \u201c<strong>Caminos Naturales del Tajo<\/strong>\u201d se\u00f1alizado por el Ministerio de Medio Ambiente, que recorre m\u00e1s de 1.000 km, desde la Sierra de Albarrac\u00edn (Teruel) donde nace el Tajo hasta su desembocadura en Lisboa.<strong><\/strong><\/p>\n<p>Singular ruta, que a\u00fana Naturaleza con Patrimonio hist\u00f3rico y popular. Recibe el nombre de un mirador natural situado al lado de un \u201cBuj\u00edo\u201d o Boh\u00edo, antigua vivienda de los pastores, con curiosa forma circular y de origen celta. Desde este punto,\u00a0 se podr\u00e1 disfrutar de unas espectaculares vistas del Puente Romano de Alc\u00e1ntara, de los riberos del Tajo, dentro del Parque Natural Tajo Internacional y del antiguo embarcadero, as\u00ed como de la Presa Jos\u00e9 Mar\u00eda de Oriol y la Iglesia de Santa Mar\u00eda de Almoc\u00f3var.<\/p>\n<p>A lo largo del recorrido los participantes podr\u00e1n descubrir unos de los recintos fortificados m\u00e1s grandes de Extremadura, la Fuente de la Rep\u00fablica, de principios del S. XX, adem\u00e1s de huertas con \u00e1rboles frutales.<\/p>\n<p>La marcha con una duraci\u00f3n aproximada de 1h. y media, tiene una dificultad baja, con apenas desnivel.<\/p>\n<p>La inscripci\u00f3n es gratuita y est\u00e1 recomendada para todo tipo de p\u00fablico.<\/p>\n<p>Para m\u00e1s informaci\u00f3n llamar a la Oficina de Turismo al 927 39 08 63 o por e-mail: <a href=\"mailto:ofiturismo@alcantara.es\">ofiturismo@alcantara.es<\/a><\/p>\n<p><a href=\"http:\/\/www.clubcaminantebadajoz.com\/\" target=\"_blank\" rel=\"external nofollow\"><strong><strong>Env\u00eda tu ruta a\u00a0<\/strong><\/strong><\/a><strong><strong><a href=\"mailto:senderismoextremadurahoy@gmail.com\" target=\"_blank\">senderismoextremadurahoy@gmail.com<\/a><\/strong><\/strong><\/p>\n<p>&nbsp;<\/p>\n<p>&nbsp;<\/p>\n<!-- AddThis Advanced Settings generic via filter on the_content --><!-- AddThis Share Buttons generic via filter on the_content -->","protected":false},"excerpt":{"rendered":"<p>La Asociaci\u00f3n Cultural AMITUR en colaboraci\u00f3n con el Ayuntamiento de Alc\u00e1ntara, tiene previsto realizar el d\u00eda 3 de marzo una ruta senderista que partir\u00e1 a las 9:30 h. desde la Plaza de la Corredera (Alc\u00e1ntara). Es una las actividades programadas dentro la Matanza Popular de Alc\u00e1ntara, que se viene celebrando desde 1996, y que a\u00f1o [&hellip;]<!-- AddThis Advanced Settings generic via filter on get_the_excerpt --><!-- AddThis Share Buttons generic via filter on get_the_excerpt --><\/p>\n","protected":false},"author":27,"featured_media":0,"comment_status":"open","ping_status":"closed","sticky":false,"template":"","format":"standard","meta":[],"categories":[4],"tags":[23,138,301,550,662,704,713,906,1004],"_links":{"self":[{"href":"https:\/\/blogs.hoy.es\/senderosextremadura\/wp-json\/wp\/v2\/posts\/68"}],"collection":[{"href":"https:\/\/blogs.hoy.es\/senderosextremadura\/wp-json\/wp\/v2\/posts"}],"about":[{"href":"https:\/\/blogs.hoy.es\/senderosextremadura\/wp-json\/wp\/v2\/types\/post"}],"author":[{"embeddable":true,"href":"https:\/\/blogs.hoy.es\/senderosextremadura\/wp-json\/wp\/v2\/users\/27"}],"replies":[{"embeddable":true,"href":"https:\/\/blogs.hoy.es\/senderosextremadura\/wp-json\/wp\/v2\/comments?post=68"}],"version-history":[{"count":0,"href":"https:\/\/blogs.hoy.es\/senderosextremadura\/wp-json\/wp\/v2\/posts\/68\/revisions"}],"wp:attachment":[{"href":"https:\/\/blogs.hoy.es\/senderosextremadura\/wp-json\/wp\/v2\/media?parent=68"}],"wp:term":[{"taxonomy":"category","embeddable":true,"href":"https:\/\/blogs.hoy.es\/senderosextremadura\/wp-json\/wp\/v2\/categories?post=68"},{"taxonomy":"post_tag","embeddable":true,"href":"https:\/\/blogs.hoy.es\/senderosextremadura\/wp-json\/wp\/v2\/tags?post=68"}],"curies":[{"name":"wp","href":"https:\/\/api.w.org\/{rel}","templated":true}]}}