{"id":680,"date":"2012-09-11T15:37:33","date_gmt":"2012-09-11T15:37:33","guid":{"rendered":"http:\/\/blogs.hoy.es\/senderosextremadura\/?p=680"},"modified":"2012-09-11T15:37:33","modified_gmt":"2012-09-11T15:37:33","slug":"peregrinaje-solidario-a-guadalupe-15-y-16-de-septiembre","status":"publish","type":"post","link":"https:\/\/blogs.hoy.es\/senderosextremadura\/2012\/09\/11\/peregrinaje-solidario-a-guadalupe-15-y-16-de-septiembre\/","title":{"rendered":"Peregrinaje solidario a Guadalupe (15 y 16 de septiembre)"},"content":{"rendered":"<p><a href=\"https:\/\/blogs.hoy.es\/senderosextremadura\/2012\/09\/11\/peregrinaje-solidario-a-guadalupe-15-y-16-de-septiembre\/guadalupe\/\" rel=\"attachment wp-att-681\"><img loading=\"lazy\" class=\"alignleft size-full wp-image-681\" title=\"guadalupe\" src=\"\/senderosextremadura\/wp-content\/uploads\/sites\/22\/2012\/06\/guadalupe.jpg\" alt=\"\" width=\"400\" height=\"500\" srcset=\"https:\/\/static-blogs.hoy.es\/wp-content\/uploads\/sites\/22\/2012\/06\/guadalupe.jpg 400w, https:\/\/static-blogs.hoy.es\/wp-content\/uploads\/sites\/22\/2012\/06\/guadalupe-240x300.jpg 240w\" sizes=\"(max-width: 400px) 100vw, 400px\" \/><\/a><span style=\"font-size: medium;\">Senderistas y solidaridas se cruzan en el camino. El grupo\u00a0 cacere\u00f1o<strong> La Vereina<\/strong> quiere fomentar el <strong>camino de Guadalupe<\/strong> para descubrir los maravillosos parajes de las <a href=\"http:\/\/www.villuercas.net\/\" target=\"_blank\" rel=\"external nofollow\"><strong>Villuercas<\/strong><\/a>, al tiempo que recaudan fondos para la <strong><a href=\"https:\/\/www.aecc.es\/Paginas\/PaginaPrincipal.aspx\" target=\"_blank\" rel=\"external nofollow\">Asociaci\u00f3n Espa\u00f1ola Contra el C\u00e1ncer<\/a>.<\/strong> La convivencia tendr\u00e1 lugar\u00a0\u00a0 los d\u00edas <strong>15 y 16 de septiembre<\/strong>, cuando los andariegos\u00a0 retomen su\u00a0 calendario senderista tras el par\u00f3n estival.<strong><br \/>\n<\/strong><\/span><\/p>\n<p><span style=\"font-size: medium;\">Hay dos formas de participar en esta actividad que conjuga deporte y solidaridad.<\/span><\/p>\n<p><span style=\"font-size: medium;\"><strong>Opci\u00f3n Ruta (1 d\u00eda)<\/strong><\/span><\/p>\n<p><span style=\"font-size: medium;\">Plazas ilimitadas<\/span><br \/>\n<span style=\"font-size: medium;\"> Domingo 16 de septiembre:<\/span><br \/>\n<span style=\"font-size: medium;\"> Bus hasta Ca\u00f1amero<\/span><br \/>\n<span style=\"font-size: medium;\"> Tramo: Ca\u00f1amero \u2013 Guadalupe (15km)<\/span><br \/>\n<span style=\"font-size: medium;\"> Incluye desayuno<\/span><br \/>\n<span style=\"font-size: medium;\"> Precio: 10 euros donados \u00edntegramente a la AECC<\/span><br \/>\n<span style=\"font-size: medium;\"> Puedes apuntarte en el Hotel Don Carlos o en la sede de la AECC.<\/span><\/p>\n<p><span style=\"font-size: medium;\"><strong>Opci\u00f3n Peregrinaje (2 d\u00edas)<\/strong><\/span><br \/>\n<span style=\"font-size: medium;\"> Plazas limitadas a la capacidad del Albergue.<\/span><br \/>\n<span style=\"font-size: medium;\"> S\u00e1bado 15 de septiembre:<\/span><br \/>\n<span style=\"font-size: medium;\"> Bus hasta Berzocana.<\/span><br \/>\n<span style=\"font-size: medium;\"> Incluye desayuno<\/span><br \/>\n<span style=\"font-size: medium;\"> Tramo 1: Berzocana \u2013 Ca\u00f1amero (17 kil\u00f3metros)<\/span><br \/>\n<span style=\"font-size: medium;\"> Pernocta en el Albergue Villuercas.<\/span><br \/>\n<span style=\"font-size: medium;\"> Domingo 16 de septiembre:<\/span><br \/>\n<span style=\"font-size: medium;\"> Tramo 2: Ca\u00f1amero \u2013 Guadalupe (15 kil\u00f3metros)<\/span><br \/>\n<span style=\"font-size: medium;\"> Incluye desayuno<\/span><br \/>\n<span style=\"font-size: medium;\"> Precio: 30 euros (Donaci\u00f3n 10 euros para la AECC + 20 euros cena y pernocta en Ca\u00f1amero)<\/span><br \/>\n<span style=\"font-size: medium;\"> Puedes apuntarte solamente en el Hotel Don Carlos.<\/span><\/p>\n<p><span style=\"font-size: medium;\"><strong>Opci\u00f3n Solidaria<\/strong><\/span><br \/>\n<span style=\"font-size: medium;\"> Asiento 0. Si no puedes participar activamente, hazlo con tu donativo, bien acudiendo a la sede de la AECC o a trav\u00e9s de su cuenta de la Caja de Extremadura.<\/span><\/p>\n<p><span style=\"font-size: medium;\">Puedes empezar a apuntarte a partir del mi\u00e9rcoles 20 de Junio en los sitios indicados anteriormente:<\/span><br \/>\n<span style=\"font-size: medium;\"> HOTEL DON CARLOS C\u00c1CERES (para opciones de Ruta o Peregrinaje) C\/ Donoso Cort\u00e9s, 13-15. Tfno: 927 22 55 27<\/span><br \/>\n<span style=\"font-size: medium;\"> AECC (para opciones de Ruta o Donaci\u00f3n) C\/Donantes de Sangre,1 (Traves\u00eda Le\u00f3n Leal). Tfno: 927 215 323<\/span><\/p>\n<p><span style=\"font-size: medium;\">Los autobuses saldr\u00e1n ambos d\u00edas a las 8:00 de Alfonso D\u00edaz de Bustamante, 1 (enfrente del gimnasio Sototerra).<\/span><\/p>\n<p><span style=\"font-size: medium;\">Para cualquier duda, contactar con la asociaci\u00f3n a trav\u00e9s de <a href=\"mailto:lavereina@gmail.com\" target=\"_blank\"><strong>lavereina@gmail.com<\/strong><\/a><\/span><\/p>\n<!-- AddThis Advanced Settings generic via filter on the_content --><!-- AddThis Share Buttons generic via filter on the_content -->","protected":false},"excerpt":{"rendered":"<p>Senderistas y solidaridas se cruzan en el camino. El grupo\u00a0 cacere\u00f1o La Vereina quiere fomentar el camino de Guadalupe para descubrir los maravillosos parajes de las Villuercas, al tiempo que recaudan fondos para la Asociaci\u00f3n Espa\u00f1ola Contra el C\u00e1ncer. La convivencia tendr\u00e1 lugar\u00a0\u00a0 los d\u00edas 15 y 16 de septiembre, cuando los andariegos\u00a0 retomen su\u00a0 [&hellip;]<!-- AddThis Advanced Settings generic via filter on get_the_excerpt --><!-- AddThis Share Buttons generic via filter on get_the_excerpt --><\/p>\n","protected":false},"author":27,"featured_media":0,"comment_status":"open","ping_status":"closed","sticky":false,"template":"","format":"standard","meta":[],"categories":[4],"tags":[86,121,133,364,906,999,1075,1099],"_links":{"self":[{"href":"https:\/\/blogs.hoy.es\/senderosextremadura\/wp-json\/wp\/v2\/posts\/680"}],"collection":[{"href":"https:\/\/blogs.hoy.es\/senderosextremadura\/wp-json\/wp\/v2\/posts"}],"about":[{"href":"https:\/\/blogs.hoy.es\/senderosextremadura\/wp-json\/wp\/v2\/types\/post"}],"author":[{"embeddable":true,"href":"https:\/\/blogs.hoy.es\/senderosextremadura\/wp-json\/wp\/v2\/users\/27"}],"replies":[{"embeddable":true,"href":"https:\/\/blogs.hoy.es\/senderosextremadura\/wp-json\/wp\/v2\/comments?post=680"}],"version-history":[{"count":0,"href":"https:\/\/blogs.hoy.es\/senderosextremadura\/wp-json\/wp\/v2\/posts\/680\/revisions"}],"wp:attachment":[{"href":"https:\/\/blogs.hoy.es\/senderosextremadura\/wp-json\/wp\/v2\/media?parent=680"}],"wp:term":[{"taxonomy":"category","embeddable":true,"href":"https:\/\/blogs.hoy.es\/senderosextremadura\/wp-json\/wp\/v2\/categories?post=680"},{"taxonomy":"post_tag","embeddable":true,"href":"https:\/\/blogs.hoy.es\/senderosextremadura\/wp-json\/wp\/v2\/tags?post=680"}],"curies":[{"name":"wp","href":"https:\/\/api.w.org\/{rel}","templated":true}]}}