{"id":684,"date":"2012-06-15T18:39:30","date_gmt":"2012-06-15T18:39:30","guid":{"rendered":"http:\/\/blogs.hoy.es\/senderosextremadura\/?p=684"},"modified":"2012-06-15T18:39:30","modified_gmt":"2012-06-15T18:39:30","slug":"ruta-nocturna-por-badajoz-16-de-junio","status":"publish","type":"post","link":"https:\/\/blogs.hoy.es\/senderosextremadura\/2012\/06\/15\/ruta-nocturna-por-badajoz-16-de-junio\/","title":{"rendered":"Ruta nocturna por Badajoz (16 de junio)"},"content":{"rendered":"<p><a href=\"https:\/\/blogs.hoy.es\/senderosextremadura\/2012\/06\/15\/ruta-nocturna-por-badajoz-16-de-junio\/ruta-4\/\" rel=\"attachment wp-att-686\"><img loading=\"lazy\" class=\"alignleft size-full wp-image-686\" title=\"\" src=\"\/senderosextremadura\/wp-content\/uploads\/sites\/22\/2012\/06\/ruta.jpg\" alt=\"\" width=\"384\" height=\"404\" srcset=\"https:\/\/static-blogs.hoy.es\/wp-content\/uploads\/sites\/22\/2012\/06\/ruta.jpg 471w, https:\/\/static-blogs.hoy.es\/wp-content\/uploads\/sites\/22\/2012\/06\/ruta-285x300.jpg 285w\" sizes=\"(max-width: 384px) 100vw, 384px\" \/><\/a>El <strong>Club del Caminante de Badajoz<\/strong> se queda en casa este s\u00e1bado. Ha organizado una ruta nocturna de <strong>15 kil\u00f3metros<\/strong> con salida y llegada en la propia ciudad. Como siempre, la salida de los caminantes tiene lugar desde el Ancla, en la avenida de Huelva. Esta vez no se madruga. Los senderistas emprender\u00e1n el paso a las 21:00. Un agradable paseo nocturno para disfrutar del entorno urbano.<\/p>\n<p><strong>RECORRIDO<\/strong><\/p>\n<p>Salida a las 21:00 horas desde el Ancla, direcci\u00f3n Enrique Segura Ota\u00f1o, avenida de Pardaleras al Paseo Verde del r\u00edo Rivillas direcci\u00f3n Cerro de Reyes, donde enlazaremos con el Camino del Cahoso, seguimos el camino hasta llegar a la primera bifurcaci\u00f3n para girar a la derecha (Camino de la Oveja) y llegar al Cortijo del Coto y la Urbanizaci\u00f3n Los Lebratos, caminamos un ratito por asfalto hasta llegar al Camino de las Torrecillas direcci\u00f3n Badajoz para alcanzar el centro comercial Carrefour, caminamos direcci\u00f3n a la avenida Vicente Marcelo Nessi, calle Jaime Montero de Espinosa para acabar en la fuente, donde damos por finalizada la ruta.<\/p>\n<p>&nbsp;<\/p>\n<p><strong>Se recomienda llevar linterna, calzado de senderismo y ropa c\u00f3moda.<\/strong><\/p>\n<p>&nbsp;<\/p>\n<p><strong>M\u00c1S INFORMACI\u00d3N<\/strong><\/p>\n<p><a href=\"http:\/\/www.clubcaminantebadajoz.com\/\" target=\"_blank\" rel=\"external nofollow\"><strong>Club del Caminante de Badajoz<\/strong><\/a><\/p>\n<p>Tel\u00e9fono: 924 22 32 28<\/p>\n<p>M\u00f3vil (solo rutas) 639 911 512<\/p>\n<p>eMail: <a href=\"mailto:clubcaminante@badajoz.org\">ccaminantebadajoz@gmail.com<\/a><\/p>\n<!-- AddThis Advanced Settings generic via filter on the_content --><!-- AddThis Share Buttons generic via filter on the_content -->","protected":false},"excerpt":{"rendered":"<p>El Club del Caminante de Badajoz se queda en casa este s\u00e1bado. Ha organizado una ruta nocturna de 15 kil\u00f3metros con salida y llegada en la propia ciudad. Como siempre, la salida de los caminantes tiene lugar desde el Ancla, en la avenida de Huelva. Esta vez no se madruga. Los senderistas emprender\u00e1n el paso [&hellip;]<!-- AddThis Advanced Settings generic via filter on get_the_excerpt --><!-- AddThis Share Buttons generic via filter on get_the_excerpt --><\/p>\n","protected":false},"author":27,"featured_media":0,"comment_status":"open","ping_status":"closed","sticky":false,"template":"","format":"standard","meta":[],"categories":[4],"tags":[86,132,210,211,713,906],"_links":{"self":[{"href":"https:\/\/blogs.hoy.es\/senderosextremadura\/wp-json\/wp\/v2\/posts\/684"}],"collection":[{"href":"https:\/\/blogs.hoy.es\/senderosextremadura\/wp-json\/wp\/v2\/posts"}],"about":[{"href":"https:\/\/blogs.hoy.es\/senderosextremadura\/wp-json\/wp\/v2\/types\/post"}],"author":[{"embeddable":true,"href":"https:\/\/blogs.hoy.es\/senderosextremadura\/wp-json\/wp\/v2\/users\/27"}],"replies":[{"embeddable":true,"href":"https:\/\/blogs.hoy.es\/senderosextremadura\/wp-json\/wp\/v2\/comments?post=684"}],"version-history":[{"count":0,"href":"https:\/\/blogs.hoy.es\/senderosextremadura\/wp-json\/wp\/v2\/posts\/684\/revisions"}],"wp:attachment":[{"href":"https:\/\/blogs.hoy.es\/senderosextremadura\/wp-json\/wp\/v2\/media?parent=684"}],"wp:term":[{"taxonomy":"category","embeddable":true,"href":"https:\/\/blogs.hoy.es\/senderosextremadura\/wp-json\/wp\/v2\/categories?post=684"},{"taxonomy":"post_tag","embeddable":true,"href":"https:\/\/blogs.hoy.es\/senderosextremadura\/wp-json\/wp\/v2\/tags?post=684"}],"curies":[{"name":"wp","href":"https:\/\/api.w.org\/{rel}","templated":true}]}}