{"id":696,"date":"2012-06-21T09:28:02","date_gmt":"2012-06-21T09:28:02","guid":{"rendered":"http:\/\/blogs.hoy.es\/senderosextremadura\/?p=696"},"modified":"2012-06-21T09:28:02","modified_gmt":"2012-06-21T09:28:02","slug":"ascension-al-pinajarro-el-mejor-mirador-del-valle-del-ambroz-24-de-junio","status":"publish","type":"post","link":"https:\/\/blogs.hoy.es\/senderosextremadura\/2012\/06\/21\/ascension-al-pinajarro-el-mejor-mirador-del-valle-del-ambroz-24-de-junio\/","title":{"rendered":"Ascensi\u00f3n al Pinajarro, el mejor mirador del Valle del Ambroz (24 de junio)"},"content":{"rendered":"<div id=\"attachment_697\" style=\"width: 430px\" class=\"wp-caption alignright\"><a href=\"http:\/\/placentinodemontana.blogspot.com.es\/\" rel=\"external nofollow\"><img aria-describedby=\"caption-attachment-697\" loading=\"lazy\" class=\"size-large wp-image-697 \" title=\"alpina\" src=\"\/senderosextremadura\/wp-content\/uploads\/sites\/22\/2012\/06\/alpina.jpg\" alt=\"\" width=\"420\" height=\"308\" srcset=\"https:\/\/static-blogs.hoy.es\/wp-content\/uploads\/sites\/22\/2012\/06\/alpina.jpg 613w, https:\/\/static-blogs.hoy.es\/wp-content\/uploads\/sites\/22\/2012\/06\/alpina-300x220.jpg 300w, https:\/\/static-blogs.hoy.es\/wp-content\/uploads\/sites\/22\/2012\/06\/alpina-600x440.jpg 600w\" sizes=\"(max-width: 420px) 100vw, 420px\" \/><\/a><p id=\"caption-attachment-697\" class=\"wp-caption-text\">Grupo Placentino de Monta\u00f1a<\/p><\/div>\n<h2>El <strong><a href=\"http:\/\/placentinodemontana.blogspot.com.es\/\" target=\"_blank\" rel=\"external nofollow\">Grupo Placentino de Monta\u00f1a<\/a><\/strong> organiza este domingo la ascensi\u00f3n al <strong>Pinajarro<\/strong>, emblem\u00e1tica cima de Herv\u00e1s, en la comarca cacere\u00f1a del <strong>Valle del Ambroz<\/strong>. Los monta\u00f1eros subir\u00e1n por la ruta conocida como la Alpina. Esta ascensi\u00f3n pretende ser una iniciaci\u00f3n al <strong>alpinismo cl\u00e1sico<\/strong>. Salva un desnivel considerable, unos1.200 metrosdesde la central el\u00e9ctrica, siguiendo el evidente y elegante espol\u00f3n que desde la parte superior del cortafuegos nos deja finalmente en la cima.<\/h2>\n<h2>La ruta nos acerca a la chorrera, desde all\u00ed, en fuertes rampas, se accede hasta la pista Heidi, y una vez superadas las manchas de pinar, nos sit\u00faa sobre los canchales que ofrecen el mejor perfil de esta monta\u00f1a. Una excelente ocasi\u00f3n para disfrutar la monta\u00f1a en una experiencia que va m\u00e1s all\u00e1 de la simple caminata.<\/h2>\n<h2>Es imprescindible usar <strong>arn\u00e9s y casco<\/strong>. El club lo proporcionar\u00e1 a las personas que no dispongan de estos \u00fatiles.<\/h2>\n<h2>Los interesados pueden inscribirse en esta actividad para disfrutar del <strong>mejor mirador del Valle del Ambroz<\/strong> en Crismar-Sports hasta el s\u00e1bado. La actividad <strong>cuesta 5 euros<\/strong>. La salida tendr\u00e1 lugar a las siete de la ma\u00f1ana del domingo desde la avenida del Valle de Plasencia, frente al supermercado El \u00c1rbol.<\/h2>\n<!-- AddThis Advanced Settings generic via filter on the_content --><!-- AddThis Share Buttons generic via filter on the_content -->","protected":false},"excerpt":{"rendered":"<p>El Grupo Placentino de Monta\u00f1a organiza este domingo la ascensi\u00f3n al Pinajarro, emblem\u00e1tica cima de Herv\u00e1s, en la comarca cacere\u00f1a del Valle del Ambroz. Los monta\u00f1eros subir\u00e1n por la ruta conocida como la Alpina. Esta ascensi\u00f3n pretende ser una iniciaci\u00f3n al alpinismo cl\u00e1sico. Salva un desnivel considerable, unos1.200 metrosdesde la central el\u00e9ctrica, siguiendo el evidente [&hellip;]<!-- AddThis Advanced Settings generic via filter on get_the_excerpt --><!-- AddThis Share Buttons generic via filter on get_the_excerpt --><\/p>\n","protected":false},"author":27,"featured_media":0,"comment_status":"open","ping_status":"closed","sticky":false,"template":"","format":"standard","meta":[],"categories":[4],"tags":[49,67,381,524,529,530,633,713,906,1001,1058],"_links":{"self":[{"href":"https:\/\/blogs.hoy.es\/senderosextremadura\/wp-json\/wp\/v2\/posts\/696"}],"collection":[{"href":"https:\/\/blogs.hoy.es\/senderosextremadura\/wp-json\/wp\/v2\/posts"}],"about":[{"href":"https:\/\/blogs.hoy.es\/senderosextremadura\/wp-json\/wp\/v2\/types\/post"}],"author":[{"embeddable":true,"href":"https:\/\/blogs.hoy.es\/senderosextremadura\/wp-json\/wp\/v2\/users\/27"}],"replies":[{"embeddable":true,"href":"https:\/\/blogs.hoy.es\/senderosextremadura\/wp-json\/wp\/v2\/comments?post=696"}],"version-history":[{"count":0,"href":"https:\/\/blogs.hoy.es\/senderosextremadura\/wp-json\/wp\/v2\/posts\/696\/revisions"}],"wp:attachment":[{"href":"https:\/\/blogs.hoy.es\/senderosextremadura\/wp-json\/wp\/v2\/media?parent=696"}],"wp:term":[{"taxonomy":"category","embeddable":true,"href":"https:\/\/blogs.hoy.es\/senderosextremadura\/wp-json\/wp\/v2\/categories?post=696"},{"taxonomy":"post_tag","embeddable":true,"href":"https:\/\/blogs.hoy.es\/senderosextremadura\/wp-json\/wp\/v2\/tags?post=696"}],"curies":[{"name":"wp","href":"https:\/\/api.w.org\/{rel}","templated":true}]}}