{"id":700,"date":"2012-06-26T11:02:19","date_gmt":"2012-06-26T11:02:19","guid":{"rendered":"http:\/\/blogs.hoy.es\/senderosextremadura\/?p=700"},"modified":"2012-06-26T11:02:19","modified_gmt":"2012-06-26T11:02:19","slug":"montaneros-de-monfrague-se-marcha-a-los-pirineos-julio","status":"publish","type":"post","link":"https:\/\/blogs.hoy.es\/senderosextremadura\/2012\/06\/26\/montaneros-de-monfrague-se-marcha-a-los-pirineos-julio\/","title":{"rendered":"Monta\u00f1eros de Monfrag\u00fce se marcha a los Pirineos (julio)"},"content":{"rendered":"<p><a href=\"https:\/\/blogs.hoy.es\/senderosextremadura\/2012\/06\/26\/montaneros-de-monfrague-se-marcha-a-los-pirineos-julio\/montaneros-3\/\" rel=\"attachment wp-att-705\"><img loading=\"lazy\" class=\"aligncenter size-full wp-image-705\" title=\"montaneros\" src=\"\/senderosextremadura\/wp-content\/uploads\/sites\/22\/2012\/06\/montaneros.jpg\" alt=\"\" width=\"550\" height=\"368\" srcset=\"https:\/\/static-blogs.hoy.es\/wp-content\/uploads\/sites\/22\/2012\/06\/montaneros.jpg 550w, https:\/\/static-blogs.hoy.es\/wp-content\/uploads\/sites\/22\/2012\/06\/montaneros-300x201.jpg 300w\" sizes=\"(max-width: 550px) 100vw, 550px\" \/><\/a><\/p>\n<p><span style=\"font-size: large;\"><strong><a href=\"http:\/\/montanerosmonfrague.es\/\" target=\"_blank\" rel=\"external nofollow\">Monta\u00f1eros de Monfrag\u00fce<\/a><\/strong> se marcha este a\u00f1o a los Pirineos, m\u00e1s concretamente al\u00a0<a href=\"http:\/\/www.ordesa.net\/\" target=\"_blank\" rel=\"external nofollow\">Valle de Ordesa<\/a>. Ser\u00e1 entre los d\u00edas 16 julio (viaje de ida) y 24 (viaje de vuelta). Los monta\u00f1eros se alojar\u00e1n en Torla, en un albergue en r\u00e9gimen de media pensi\u00f3n.<\/span><br \/>\n<span style=\"font-size: large;\"> Desde all\u00ed ascender\u00e1n al Monte Perdido, el Vignemale, el Taillon o la Brecha de Rolando. Habr\u00e1 adem\u00e1s excursiones por el Valle de Ordesa, Gavarnie, Valle del Ara o Panticosa. <\/span>\u00a0<span style=\"font-size: large;\">El coste de la estancia es de <strong>240 euros<\/strong>.<\/span><br \/>\n<span style=\"font-size: large;\"> Las personas inscritas ya pueden hacer el ingreso\u00a0en la cuenta del club (Caja de Extremadura 2099-0200-81-0070041450).\u00a0El mi\u00e9rcoles d\u00eda 27 de junio habr\u00e1 una reuni\u00f3n informativa a las 19.30, sobre todo, para resolver los desplazamiento en coches particulares hasta Ordesa.\u00a0<\/span><\/p>\n<p>&nbsp;<\/p>\n<p><strong>M\u00c1S INFORMACI\u00d3N<\/strong><\/p>\n<p><span style=\"font-size: medium;\"><small>927\u00a021\u00a012\u00a013, en horario de atenci\u00f3n al p\u00fablico.<\/small><\/span><\/p>\n<p><span style=\"font-size: medium;\"><small>En el d\u00eda de actividades y la v\u00edspera estar\u00e1 operativo el m\u00f3vil 646354918<\/small><\/span><\/p>\n<p>&nbsp;<\/p>\n<p>&nbsp;<\/p>\n<!-- AddThis Advanced Settings generic via filter on the_content --><!-- AddThis Share Buttons generic via filter on the_content -->","protected":false},"excerpt":{"rendered":"<p>Monta\u00f1eros de Monfrag\u00fce se marcha este a\u00f1o a los Pirineos, m\u00e1s concretamente al\u00a0Valle de Ordesa. Ser\u00e1 entre los d\u00edas 16 julio (viaje de ida) y 24 (viaje de vuelta). Los monta\u00f1eros se alojar\u00e1n en Torla, en un albergue en r\u00e9gimen de media pensi\u00f3n. Desde all\u00ed ascender\u00e1n al Monte Perdido, el Vignemale, el Taillon o la [&hellip;]<!-- AddThis Advanced Settings generic via filter on get_the_excerpt --><!-- AddThis Share Buttons generic via filter on get_the_excerpt --><\/p>\n","protected":false},"author":27,"featured_media":0,"comment_status":"open","ping_status":"closed","sticky":false,"template":"","format":"standard","meta":[],"categories":[4],"tags":[515,590,637],"_links":{"self":[{"href":"https:\/\/blogs.hoy.es\/senderosextremadura\/wp-json\/wp\/v2\/posts\/700"}],"collection":[{"href":"https:\/\/blogs.hoy.es\/senderosextremadura\/wp-json\/wp\/v2\/posts"}],"about":[{"href":"https:\/\/blogs.hoy.es\/senderosextremadura\/wp-json\/wp\/v2\/types\/post"}],"author":[{"embeddable":true,"href":"https:\/\/blogs.hoy.es\/senderosextremadura\/wp-json\/wp\/v2\/users\/27"}],"replies":[{"embeddable":true,"href":"https:\/\/blogs.hoy.es\/senderosextremadura\/wp-json\/wp\/v2\/comments?post=700"}],"version-history":[{"count":0,"href":"https:\/\/blogs.hoy.es\/senderosextremadura\/wp-json\/wp\/v2\/posts\/700\/revisions"}],"wp:attachment":[{"href":"https:\/\/blogs.hoy.es\/senderosextremadura\/wp-json\/wp\/v2\/media?parent=700"}],"wp:term":[{"taxonomy":"category","embeddable":true,"href":"https:\/\/blogs.hoy.es\/senderosextremadura\/wp-json\/wp\/v2\/categories?post=700"},{"taxonomy":"post_tag","embeddable":true,"href":"https:\/\/blogs.hoy.es\/senderosextremadura\/wp-json\/wp\/v2\/tags?post=700"}],"curies":[{"name":"wp","href":"https:\/\/api.w.org\/{rel}","templated":true}]}}