{"id":707,"date":"2012-07-09T19:05:16","date_gmt":"2012-07-09T19:05:16","guid":{"rendered":"http:\/\/blogs.hoy.es\/senderosextremadura\/?p=707"},"modified":"2012-07-09T19:05:16","modified_gmt":"2012-07-09T19:05:16","slug":"senderismo-para-jovenes-en-la-sierra-de-gata-21-de-julio","status":"publish","type":"post","link":"https:\/\/blogs.hoy.es\/senderosextremadura\/2012\/07\/09\/senderismo-para-jovenes-en-la-sierra-de-gata-21-de-julio\/","title":{"rendered":"Senderismo para j\u00f3venes en la Sierra de Gata (21 de julio)"},"content":{"rendered":"<h3><a href=\"https:\/\/blogs.hoy.es\/senderosextremadura\/2012\/07\/09\/senderismo-para-jovenes-en-la-sierra-de-gata-21-de-julio\/sende-4\/\" rel=\"attachment wp-att-709\"><img loading=\"lazy\" class=\"alignright size-full wp-image-709\" title=\"sende\" src=\"\/senderosextremadura\/wp-content\/uploads\/sites\/22\/2012\/07\/sende.jpg\" alt=\"\" width=\"400\" height=\"300\" srcset=\"https:\/\/static-blogs.hoy.es\/wp-content\/uploads\/sites\/22\/2012\/07\/sende.jpg 400w, https:\/\/static-blogs.hoy.es\/wp-content\/uploads\/sites\/22\/2012\/07\/sende-300x225.jpg 300w\" sizes=\"(max-width: 400px) 100vw, 400px\" \/><\/a>A pesar del acusado descenso de la actividad senderista debido al calor estival de Extremadura, a\u00fan es posible encontrar rutas organizadas por los paisajes m\u00e1s verdes de la regi\u00f3n. En este caso proponemos un recorrido por la <a href=\"http:\/\/www.sierradegata.org\/patrimonio\/paisaje\/paisaje.asp\" rel=\"external nofollow\">Sierra de Gata<\/a>. La ruta, que tendr\u00e1 lugar el 21 dde julio, est\u00e1 organizada por la Asociaci\u00f3n Geogr\u00e1fica. El prop\u00f3sito es mostrar a j\u00f3venes entre 13 y 30 a\u00f1os el casta\u00f1ar m\u00e1s espectacular de Europa durante el periodo estival. La actividad forma parte del programa de ocio <strong>Vive el Verano en Badajoz<\/strong>. La orograf\u00eda, vegetaci\u00f3n, fauna y red h\u00eddrica de estos parajes del norte de Extremadura se presentan como una atractiva propuesta. La ruta se adentra en el coraz\u00f3n de los pueblos extreme\u00f1os que conservan el habla de \u2018A Fala\u2019.<\/h3>\n<h3>Requisitos: Tener entre 13 y 30 a\u00f1os.<\/h3>\n<h3>Fecha de reuni\u00f3n previa: 18 de julio, a las 19:00 h. El autob\u00fas saldr\u00e1 a las 6 de la ma\u00f1ana de Badajoz, el 21 de julio<\/h3>\n<h3>Dificultad: Baja.<\/h3>\n<h3>Precio: 3 euros<\/h3>\n<h3>INCLUYE: Autob\u00fas, gu\u00edas titulados, seguros y alguna sorpresa.<\/h3>\n<h3><span style=\"text-decoration: underline;\">INSCRIPCI\u00d3N<\/span><\/h3>\n<h3>Rellena <a href=\"http:\/\/www.aytobadajoz.es\/files\/archivos\/ayto\/2012_07\/ficha_de_inscripciOn_vvb_2012.pdf\" target=\"_blank\" rel=\"external nofollow\"><strong>este formulario<\/strong><\/a> y entr\u00e9galo en la <strong>Concejal\u00edade Juventud de Badajoz<\/strong> (Ronda del Pilar, 20) o env\u00edalo al correo electr\u00f3nico <a href=\"mailto:programasdejuventud2@aytobadajoz.es\" target=\"_blank\"><strong>programasdejuventud2@aytobadajoz.es<\/strong><\/a><\/h3>\n<h3><\/h3>\n<!-- AddThis Advanced Settings generic via filter on the_content --><!-- AddThis Share Buttons generic via filter on the_content -->","protected":false},"excerpt":{"rendered":"<p>A pesar del acusado descenso de la actividad senderista debido al calor estival de Extremadura, a\u00fan es posible encontrar rutas organizadas por los paisajes m\u00e1s verdes de la regi\u00f3n. En este caso proponemos un recorrido por la Sierra de Gata. La ruta, que tendr\u00e1 lugar el 21 dde julio, est\u00e1 organizada por la Asociaci\u00f3n Geogr\u00e1fica. [&hellip;]<!-- AddThis Advanced Settings generic via filter on get_the_excerpt --><!-- AddThis Share Buttons generic via filter on get_the_excerpt --><\/p>\n","protected":false},"author":27,"featured_media":0,"comment_status":"open","ping_status":"closed","sticky":false,"template":"","format":"standard","meta":[],"categories":[4],"tags":[86,121,301,348,349,420,713,970,1073,1105],"_links":{"self":[{"href":"https:\/\/blogs.hoy.es\/senderosextremadura\/wp-json\/wp\/v2\/posts\/707"}],"collection":[{"href":"https:\/\/blogs.hoy.es\/senderosextremadura\/wp-json\/wp\/v2\/posts"}],"about":[{"href":"https:\/\/blogs.hoy.es\/senderosextremadura\/wp-json\/wp\/v2\/types\/post"}],"author":[{"embeddable":true,"href":"https:\/\/blogs.hoy.es\/senderosextremadura\/wp-json\/wp\/v2\/users\/27"}],"replies":[{"embeddable":true,"href":"https:\/\/blogs.hoy.es\/senderosextremadura\/wp-json\/wp\/v2\/comments?post=707"}],"version-history":[{"count":0,"href":"https:\/\/blogs.hoy.es\/senderosextremadura\/wp-json\/wp\/v2\/posts\/707\/revisions"}],"wp:attachment":[{"href":"https:\/\/blogs.hoy.es\/senderosextremadura\/wp-json\/wp\/v2\/media?parent=707"}],"wp:term":[{"taxonomy":"category","embeddable":true,"href":"https:\/\/blogs.hoy.es\/senderosextremadura\/wp-json\/wp\/v2\/categories?post=707"},{"taxonomy":"post_tag","embeddable":true,"href":"https:\/\/blogs.hoy.es\/senderosextremadura\/wp-json\/wp\/v2\/tags?post=707"}],"curies":[{"name":"wp","href":"https:\/\/api.w.org\/{rel}","templated":true}]}}