{"id":710,"date":"2012-08-01T17:59:51","date_gmt":"2012-08-01T17:59:51","guid":{"rendered":"http:\/\/blogs.hoy.es\/senderosextremadura\/?p=710"},"modified":"2012-08-01T17:59:51","modified_gmt":"2012-08-01T17:59:51","slug":"ruta-nocturna-luna-de-agosto","status":"publish","type":"post","link":"https:\/\/blogs.hoy.es\/senderosextremadura\/2012\/08\/01\/ruta-nocturna-luna-de-agosto\/","title":{"rendered":"Ruta nocturna &#039;Luna de Agosto&#039; (3 de agosto)"},"content":{"rendered":"<p><span style=\"font-size: medium;\"><a href=\"https:\/\/blogs.hoy.es\/senderosextremadura\/2012\/08\/01\/ruta-nocturna-luna-de-agosto\/ruta-salvaleon\/\" rel=\"attachment wp-att-711\"><img loading=\"lazy\" class=\"alignright size-full wp-image-711\" title=\"ruta-salvaleon\" src=\"\/senderosextremadura\/wp-content\/uploads\/sites\/22\/2012\/07\/ruta-salvaleon.jpg\" alt=\"\" width=\"418\" height=\"669\" srcset=\"https:\/\/static-blogs.hoy.es\/wp-content\/uploads\/sites\/22\/2012\/07\/ruta-salvaleon.jpg 500w, https:\/\/static-blogs.hoy.es\/wp-content\/uploads\/sites\/22\/2012\/07\/ruta-salvaleon-188x300.jpg 188w\" sizes=\"(max-width: 418px) 100vw, 418px\" \/><\/a>Sin duda es un placer disfrutar de los estrellados cielos extreme\u00f1os durante el verano. Los senderistas de la regi\u00f3n podr\u00e1n contemplar la inmensidad del espacio mientras practican\u00a0 su deporte favorito en un recorrido nocturno. La <strong>Asociaci\u00f3n de Senderismo de Salvale\u00f3n &#8216;El Encinar&#8217;\u00a0<\/strong> ha organizado la <strong>ruta &#8216;Luna de Agosto&#8217;<\/strong>, que tendr\u00e1 lugar el d\u00eda 3 de dicho mes. Los caminantes <strong>saldr\u00e1n a las 21.00 horas de la Plaza de Espa\u00f1a<\/strong> para recorrer <strong>11 kil\u00f3metros<\/strong> a la luz de la luna.<\/span><\/p>\n<p><span style=\"font-size: medium;\"> A la llegada al final del recorrido, de dificultad baja, se degustar\u00e1 <strong>una cena bufet<\/strong>. Los socios no tendr\u00e1n que pagar mientras los no socios abonar\u00e1n diez euros. La inscripci\u00f3n para la cena tendr\u00e1 lugar en la Biblioteca Municipal del municipio pacense, o bien llamando al tel\u00e9fono <strong>924752850<\/strong> o en el correo <a href=\"mailto:salvaleon@gmail.com\" target=\"_blank\"><strong>salvaleon@gmail.com<\/strong><\/a>. El plaza l\u00edmite para apuntarse es el <strong>31 de julio<\/strong>. Durante la cena se entregar\u00e1 a los socios las nuevas camisetas de la asociaci\u00f3n. En ning\u00fan caso se suspender\u00e1 la actividad por motivos meteorol\u00f3gicos.<\/span><\/p>\n<!-- AddThis Advanced Settings generic via filter on the_content --><!-- AddThis Share Buttons generic via filter on the_content -->","protected":false},"excerpt":{"rendered":"<p>Sin duda es un placer disfrutar de los estrellados cielos extreme\u00f1os durante el verano. Los senderistas de la regi\u00f3n podr\u00e1n contemplar la inmensidad del espacio mientras practican\u00a0 su deporte favorito en un recorrido nocturno. La Asociaci\u00f3n de Senderismo de Salvale\u00f3n &#8216;El Encinar&#8217;\u00a0 ha organizado la ruta &#8216;Luna de Agosto&#8217;, que tendr\u00e1 lugar el d\u00eda 3 [&hellip;]<!-- AddThis Advanced Settings generic via filter on get_the_excerpt --><!-- AddThis Share Buttons generic via filter on get_the_excerpt --><\/p>\n","protected":false},"author":27,"featured_media":0,"comment_status":"open","ping_status":"closed","sticky":false,"template":"","format":"standard","meta":[],"categories":[4],"tags":[86,286,301,572,713,884,906],"_links":{"self":[{"href":"https:\/\/blogs.hoy.es\/senderosextremadura\/wp-json\/wp\/v2\/posts\/710"}],"collection":[{"href":"https:\/\/blogs.hoy.es\/senderosextremadura\/wp-json\/wp\/v2\/posts"}],"about":[{"href":"https:\/\/blogs.hoy.es\/senderosextremadura\/wp-json\/wp\/v2\/types\/post"}],"author":[{"embeddable":true,"href":"https:\/\/blogs.hoy.es\/senderosextremadura\/wp-json\/wp\/v2\/users\/27"}],"replies":[{"embeddable":true,"href":"https:\/\/blogs.hoy.es\/senderosextremadura\/wp-json\/wp\/v2\/comments?post=710"}],"version-history":[{"count":0,"href":"https:\/\/blogs.hoy.es\/senderosextremadura\/wp-json\/wp\/v2\/posts\/710\/revisions"}],"wp:attachment":[{"href":"https:\/\/blogs.hoy.es\/senderosextremadura\/wp-json\/wp\/v2\/media?parent=710"}],"wp:term":[{"taxonomy":"category","embeddable":true,"href":"https:\/\/blogs.hoy.es\/senderosextremadura\/wp-json\/wp\/v2\/categories?post=710"},{"taxonomy":"post_tag","embeddable":true,"href":"https:\/\/blogs.hoy.es\/senderosextremadura\/wp-json\/wp\/v2\/tags?post=710"}],"curies":[{"name":"wp","href":"https:\/\/api.w.org\/{rel}","templated":true}]}}