{"id":722,"date":"2012-08-02T12:30:46","date_gmt":"2012-08-02T12:30:46","guid":{"rendered":"http:\/\/blogs.hoy.es\/senderosextremadura\/?p=722"},"modified":"2012-08-02T12:30:46","modified_gmt":"2012-08-02T12:30:46","slug":"xxii-marcha-nocturna-a-magacela-2-de-agosto","status":"publish","type":"post","link":"https:\/\/blogs.hoy.es\/senderosextremadura\/2012\/08\/02\/xxii-marcha-nocturna-a-magacela-2-de-agosto\/","title":{"rendered":"XXII Marcha Nocturna a Magacela (2 de agosto)"},"content":{"rendered":"<p><span style=\"font-size: large;\">Esta noche tiene lugar la <strong>XXII Marcha Nocturna<\/strong> desde Villanueva de la Serena a Magacela. Como cada luna llena de agosto, y ya van 22 a\u00f1os, los amantes de la luna, la noche y la aventura disfrutar\u00e1n de la tradicional cita, un d\u00eda se\u00f1alado para gente de muchas localidades que vienen a disfrutar de la buena compa\u00f1\u00eda, de la brisa de la noche y las sensaciones del camino de Magacela. La marcha de 11 kil\u00f3metrosy dificultad baja comenzar\u00e1 a las diez de la noche en la explanada de RENFE, en Villanueva de la Serena.<\/span><\/p>\n<p><span style=\"font-size: large;\">COLABORAN : Ayuntamiento de Villanueva de la Serena, Ayuntamiento de Magacela, <strong>Senderismo La V\u00eda Verde<\/strong>, Central hortofrut\u00edcola CREX, Polic\u00eda Local, Cruz Roja y Protecci\u00f3n Civil<\/span><\/p>\n<p><span style=\"font-size: large;\">Ante cualquier duda, o para m\u00e1s informaci\u00f3n, contactar con Jes\u00fas Hidalgo en\u00a0<\/span><span style=\"font-size: large;\">\u00a0<strong><a href=\"mailto:hidalgoserena@hotmail.com\" target=\"_blank\">hidalgoserena@hotmail.com<\/a><\/strong><\/span><\/p>\n<!-- AddThis Advanced Settings generic via filter on the_content --><!-- AddThis Share Buttons generic via filter on the_content -->","protected":false},"excerpt":{"rendered":"<p>Esta noche tiene lugar la XXII Marcha Nocturna desde Villanueva de la Serena a Magacela. Como cada luna llena de agosto, y ya van 22 a\u00f1os, los amantes de la luna, la noche y la aventura disfrutar\u00e1n de la tradicional cita, un d\u00eda se\u00f1alado para gente de muchas localidades que vienen a disfrutar de la [&hellip;]<!-- AddThis Advanced Settings generic via filter on get_the_excerpt --><!-- AddThis Share Buttons generic via filter on get_the_excerpt --><\/p>\n","protected":false},"author":27,"featured_media":0,"comment_status":"open","ping_status":"closed","sticky":false,"template":"","format":"standard","meta":[],"categories":[4],"tags":[86,301,465,470,480,572,906,942,962,1085],"_links":{"self":[{"href":"https:\/\/blogs.hoy.es\/senderosextremadura\/wp-json\/wp\/v2\/posts\/722"}],"collection":[{"href":"https:\/\/blogs.hoy.es\/senderosextremadura\/wp-json\/wp\/v2\/posts"}],"about":[{"href":"https:\/\/blogs.hoy.es\/senderosextremadura\/wp-json\/wp\/v2\/types\/post"}],"author":[{"embeddable":true,"href":"https:\/\/blogs.hoy.es\/senderosextremadura\/wp-json\/wp\/v2\/users\/27"}],"replies":[{"embeddable":true,"href":"https:\/\/blogs.hoy.es\/senderosextremadura\/wp-json\/wp\/v2\/comments?post=722"}],"version-history":[{"count":0,"href":"https:\/\/blogs.hoy.es\/senderosextremadura\/wp-json\/wp\/v2\/posts\/722\/revisions"}],"wp:attachment":[{"href":"https:\/\/blogs.hoy.es\/senderosextremadura\/wp-json\/wp\/v2\/media?parent=722"}],"wp:term":[{"taxonomy":"category","embeddable":true,"href":"https:\/\/blogs.hoy.es\/senderosextremadura\/wp-json\/wp\/v2\/categories?post=722"},{"taxonomy":"post_tag","embeddable":true,"href":"https:\/\/blogs.hoy.es\/senderosextremadura\/wp-json\/wp\/v2\/tags?post=722"}],"curies":[{"name":"wp","href":"https:\/\/api.w.org\/{rel}","templated":true}]}}