{"id":727,"date":"2012-08-02T12:54:40","date_gmt":"2012-08-02T12:54:40","guid":{"rendered":"http:\/\/blogs.hoy.es\/senderosextremadura\/?p=727"},"modified":"2012-08-02T12:54:40","modified_gmt":"2012-08-02T12:54:40","slug":"el-club-valdearenales-cierra-temporada-con-una-nocturna-en-guarena-4-de-agosto","status":"publish","type":"post","link":"https:\/\/blogs.hoy.es\/senderosextremadura\/2012\/08\/02\/el-club-valdearenales-cierra-temporada-con-una-nocturna-en-guarena-4-de-agosto\/","title":{"rendered":"El club Valdearenales cierra temporada con una ruta nocturna en Guare\u00f1a (4 de agosto)"},"content":{"rendered":"<p><span style=\"font-size: large;\"><a href=\"https:\/\/blogs.hoy.es\/senderosextremadura\/2012\/08\/02\/el-club-valdearenales-cierra-temporada-con-una-nocturna-en-guarena-4-de-agosto\/valdearenales\/\" rel=\"attachment wp-att-728\"><img loading=\"lazy\" class=\"alignright size-medium wp-image-728\" title=\"valdearenales\" src=\"\/senderosextremadura\/wp-content\/uploads\/sites\/22\/2012\/08\/valdearenales.jpg\" alt=\"\" width=\"240\" height=\"300\" srcset=\"https:\/\/static-blogs.hoy.es\/wp-content\/uploads\/sites\/22\/2012\/08\/valdearenales.jpg 642w, https:\/\/static-blogs.hoy.es\/wp-content\/uploads\/sites\/22\/2012\/08\/valdearenales-241x300.jpg 241w, https:\/\/static-blogs.hoy.es\/wp-content\/uploads\/sites\/22\/2012\/08\/valdearenales-600x748.jpg 600w\" sizes=\"(max-width: 240px) 100vw, 240px\" \/><\/a>El club de <strong><a href=\"http:\/\/clubdesendederismovaldearenales.blogspot.com.es\/2012\/07\/ruta-nocturna_30.html?spref=fb\" target=\"_blank\" rel=\"external nofollow\">Senderismo Valdearenales de Guare\u00f1a<\/a><\/strong> cierra su temporada senderista con una ruta nocturna veraniega. Al igual que en otras muchas localidades extreme\u00f1as, los participantes salen al campo para disfrutar de la <strong>luna llena de agosto<\/strong>. Ser\u00e1 este <strong>s\u00e1bado d\u00eda 4<\/strong> y recorrer\u00e1n11 kil\u00f3metros por un trayecto de dificultad baja<\/span><span style=\"font-size: large;\">. Los caminantes saldr\u00e1n de El Coto a las 22 horas.\u00a0<\/span><\/p>\n<p>&nbsp;<\/p>\n<p>M\u00c1S INORMACI\u00d3N EN<\/p>\n<p><a href=\"http:\/\/clubdesendederismovaldearenales.blogspot.com.es\/\" rel=\"external nofollow\">http:\/\/clubdesendederismovaldearenales.blogspot.com.es<\/a><\/p>\n<!-- AddThis Advanced Settings generic via filter on the_content --><!-- AddThis Share Buttons generic via filter on the_content -->","protected":false},"excerpt":{"rendered":"<p>El club de Senderismo Valdearenales de Guare\u00f1a cierra su temporada senderista con una ruta nocturna veraniega. Al igual que en otras muchas localidades extreme\u00f1as, los participantes salen al campo para disfrutar de la luna llena de agosto. Ser\u00e1 este s\u00e1bado d\u00eda 4 y recorrer\u00e1n11 kil\u00f3metros por un trayecto de dificultad baja. Los caminantes saldr\u00e1n de [&hellip;]<!-- AddThis Advanced Settings generic via filter on get_the_excerpt --><!-- AddThis Share Buttons generic via filter on get_the_excerpt --><\/p>\n","protected":false},"author":27,"featured_media":0,"comment_status":"open","ping_status":"closed","sticky":false,"template":"","format":"standard","meta":[],"categories":[4],"tags":[17,86,301,372,452,465,572,713,906],"_links":{"self":[{"href":"https:\/\/blogs.hoy.es\/senderosextremadura\/wp-json\/wp\/v2\/posts\/727"}],"collection":[{"href":"https:\/\/blogs.hoy.es\/senderosextremadura\/wp-json\/wp\/v2\/posts"}],"about":[{"href":"https:\/\/blogs.hoy.es\/senderosextremadura\/wp-json\/wp\/v2\/types\/post"}],"author":[{"embeddable":true,"href":"https:\/\/blogs.hoy.es\/senderosextremadura\/wp-json\/wp\/v2\/users\/27"}],"replies":[{"embeddable":true,"href":"https:\/\/blogs.hoy.es\/senderosextremadura\/wp-json\/wp\/v2\/comments?post=727"}],"version-history":[{"count":0,"href":"https:\/\/blogs.hoy.es\/senderosextremadura\/wp-json\/wp\/v2\/posts\/727\/revisions"}],"wp:attachment":[{"href":"https:\/\/blogs.hoy.es\/senderosextremadura\/wp-json\/wp\/v2\/media?parent=727"}],"wp:term":[{"taxonomy":"category","embeddable":true,"href":"https:\/\/blogs.hoy.es\/senderosextremadura\/wp-json\/wp\/v2\/categories?post=727"},{"taxonomy":"post_tag","embeddable":true,"href":"https:\/\/blogs.hoy.es\/senderosextremadura\/wp-json\/wp\/v2\/tags?post=727"}],"curies":[{"name":"wp","href":"https:\/\/api.w.org\/{rel}","templated":true}]}}