{"id":737,"date":"2012-08-20T11:36:43","date_gmt":"2012-08-20T11:36:43","guid":{"rendered":"http:\/\/blogs.hoy.es\/senderosextremadura\/?p=737"},"modified":"2012-08-20T11:36:43","modified_gmt":"2012-08-20T11:36:43","slug":"acampada-con-senderismo-y-escalada-en-hoya-moros-25-y-26-de-agosto","status":"publish","type":"post","link":"https:\/\/blogs.hoy.es\/senderosextremadura\/2012\/08\/20\/acampada-con-senderismo-y-escalada-en-hoya-moros-25-y-26-de-agosto\/","title":{"rendered":"Acampada con senderismo y escalada en Hoya Moros ( 25 y 26 de agosto)"},"content":{"rendered":"<p><a href=\"https:\/\/blogs.hoy.es\/senderosextremadura\/2012\/08\/20\/acampada-con-senderismo-y-escalada-en-hoya-moros-25-y-26-de-agosto\/placentinos-2\/\" rel=\"attachment wp-att-739\"><img loading=\"lazy\" class=\"aligncenter size-large wp-image-739\" title=\"placentinos\" src=\"\/senderosextremadura\/wp-content\/uploads\/sites\/22\/2012\/08\/placentinos1.jpg\" alt=\"\" width=\"600\" height=\"425\" srcset=\"https:\/\/static-blogs.hoy.es\/wp-content\/uploads\/sites\/22\/2012\/08\/placentinos1.jpg 1195w, https:\/\/static-blogs.hoy.es\/wp-content\/uploads\/sites\/22\/2012\/08\/placentinos1-300x213.jpg 300w, https:\/\/static-blogs.hoy.es\/wp-content\/uploads\/sites\/22\/2012\/08\/placentinos1-768x545.jpg 768w, https:\/\/static-blogs.hoy.es\/wp-content\/uploads\/sites\/22\/2012\/08\/placentinos1-600x426.jpg 600w\" sizes=\"(max-width: 600px) 100vw, 600px\" \/><\/a>Va acabando el descanso veraniego, y los senderistas y monta\u00f1eros extreme\u00f1os empiezan a engrasar motores. <strong>Monta\u00f1eros de Plasencia<\/strong> ha preparado una buena toma de contacto con el espacio natural\u00a0 este fin de semana con una <strong>acampada en <a href=\"http:\/\/www.hoyamoros.com\/\" target=\"_blank\" rel=\"external nofollow\">Hoya Moros<\/a><\/strong>. Habr\u00e1 senderismo, escalada, tirolina, juegos, alg\u00fan chapuz\u00f3n, m\u00fasica a la luz de la luna y risas, prometen.<\/p>\n<p>Hoya Moros es un circo de origen glaciar, nacimiento del r\u00edo Cuerpo de Hombre. Situado en la Sierra de Candelario, a la sombra de las Agujas, junto al paso del Diablo y el Torre\u00f3n, dominado por Los Hermanitos, donde el agua sirve de espejo para reflejar cual copia insolente piedra, nieve y cielo&#8230;<\/p>\n<p>Los interesados pueden puntaros en <strong>Cris-Mar Sport<\/strong> (Plasencia) hasta el viernes. Para los que esperan hasta \u00faltima hora para saber como va a estar eso del clima, ah\u00ed va una aproximaci\u00f3n<strong><a href=\"http:\/\/www.tiempo.com\/sierra-de-bejar.htm\" target=\"_blank\" rel=\"external nofollow\"> http:\/\/www.tiempo.com\/sierra-de-bejar.htm<\/a><\/strong><\/p>\n<!-- AddThis Advanced Settings generic via filter on the_content --><!-- AddThis Share Buttons generic via filter on the_content -->","protected":false},"excerpt":{"rendered":"<p>Va acabando el descanso veraniego, y los senderistas y monta\u00f1eros extreme\u00f1os empiezan a engrasar motores. Monta\u00f1eros de Plasencia ha preparado una buena toma de contacto con el espacio natural\u00a0 este fin de semana con una acampada en Hoya Moros. Habr\u00e1 senderismo, escalada, tirolina, juegos, alg\u00fan chapuz\u00f3n, m\u00fasica a la luz de la luna y risas, [&hellip;]<!-- AddThis Advanced Settings generic via filter on get_the_excerpt --><!-- AddThis Share Buttons generic via filter on get_the_excerpt --><\/p>\n","protected":false},"author":27,"featured_media":0,"comment_status":"open","ping_status":"closed","sticky":false,"template":"","format":"standard","meta":[],"categories":[4],"tags":[121,301,392,521,638,639,792],"_links":{"self":[{"href":"https:\/\/blogs.hoy.es\/senderosextremadura\/wp-json\/wp\/v2\/posts\/737"}],"collection":[{"href":"https:\/\/blogs.hoy.es\/senderosextremadura\/wp-json\/wp\/v2\/posts"}],"about":[{"href":"https:\/\/blogs.hoy.es\/senderosextremadura\/wp-json\/wp\/v2\/types\/post"}],"author":[{"embeddable":true,"href":"https:\/\/blogs.hoy.es\/senderosextremadura\/wp-json\/wp\/v2\/users\/27"}],"replies":[{"embeddable":true,"href":"https:\/\/blogs.hoy.es\/senderosextremadura\/wp-json\/wp\/v2\/comments?post=737"}],"version-history":[{"count":0,"href":"https:\/\/blogs.hoy.es\/senderosextremadura\/wp-json\/wp\/v2\/posts\/737\/revisions"}],"wp:attachment":[{"href":"https:\/\/blogs.hoy.es\/senderosextremadura\/wp-json\/wp\/v2\/media?parent=737"}],"wp:term":[{"taxonomy":"category","embeddable":true,"href":"https:\/\/blogs.hoy.es\/senderosextremadura\/wp-json\/wp\/v2\/categories?post=737"},{"taxonomy":"post_tag","embeddable":true,"href":"https:\/\/blogs.hoy.es\/senderosextremadura\/wp-json\/wp\/v2\/tags?post=737"}],"curies":[{"name":"wp","href":"https:\/\/api.w.org\/{rel}","templated":true}]}}