{"id":741,"date":"2012-08-21T12:03:36","date_gmt":"2012-08-21T12:03:36","guid":{"rendered":"http:\/\/blogs.hoy.es\/senderosextremadura\/?p=741"},"modified":"2012-08-21T12:03:36","modified_gmt":"2012-08-21T12:03:36","slug":"segunda-y-ultima-ruta-nocturna-en-salvaleon-31-de-agosto","status":"publish","type":"post","link":"https:\/\/blogs.hoy.es\/senderosextremadura\/2012\/08\/21\/segunda-y-ultima-ruta-nocturna-en-salvaleon-31-de-agosto\/","title":{"rendered":"Segunda y \u00faltima ruta nocturna en Salvale\u00f3n (31 de agosto)"},"content":{"rendered":"<p><a href=\"https:\/\/blogs.hoy.es\/senderosextremadura\/2012\/08\/21\/segunda-y-ultima-ruta-nocturna-en-salvaleon-31-de-agosto\/encinar\/\" rel=\"attachment wp-att-742\"><img loading=\"lazy\" class=\"alignleft  wp-image-742\" title=\"encinar\" src=\"\/senderosextremadura\/wp-content\/uploads\/sites\/22\/2012\/08\/encinar.jpg\" alt=\"\" width=\"211\" height=\"317\" srcset=\"https:\/\/static-blogs.hoy.es\/wp-content\/uploads\/sites\/22\/2012\/08\/encinar.jpg 400w, https:\/\/static-blogs.hoy.es\/wp-content\/uploads\/sites\/22\/2012\/08\/encinar-200x300.jpg 200w\" sizes=\"(max-width: 211px) 100vw, 211px\" \/><\/a><span style=\"font-size: large;\">La Asociaci\u00f3n de Senderismo &#8216;En Encinar&#8217; de Salvale\u00f3n ha organizado la segunda y \u00faltima ruta nocturna en el verano de 2012. En esta caso se trata de un homenaje a Francisco Trigo &#8220;El Quinto&#8221;, el socio de mayor edad fallecido recientemente. El viernes 31 de agosto\u00a0 tendr\u00e1 lugar el recorrido circular a trav\u00e9s del encinar de Monteporrino, un lugar por el que Francisco Trigo amaba pasear. La ruta-homenaje discurrir\u00e1 bajo la \u00faltima luna llena de agosto.<\/span><\/p>\n<!-- AddThis Advanced Settings generic via filter on the_content --><!-- AddThis Share Buttons generic via filter on the_content -->","protected":false},"excerpt":{"rendered":"<p>La Asociaci\u00f3n de Senderismo &#8216;En Encinar&#8217; de Salvale\u00f3n ha organizado la segunda y \u00faltima ruta nocturna en el verano de 2012. En esta caso se trata de un homenaje a Francisco Trigo &#8220;El Quinto&#8221;, el socio de mayor edad fallecido recientemente. El viernes 31 de agosto\u00a0 tendr\u00e1 lugar el recorrido circular a trav\u00e9s del encinar [&hellip;]<!-- AddThis Advanced Settings generic via filter on get_the_excerpt --><!-- AddThis Share Buttons generic via filter on get_the_excerpt --><\/p>\n","protected":false},"author":27,"featured_media":0,"comment_status":"open","ping_status":"closed","sticky":false,"template":"","format":"standard","meta":[],"categories":[4],"tags":[301,306,713,884,906,952,996],"_links":{"self":[{"href":"https:\/\/blogs.hoy.es\/senderosextremadura\/wp-json\/wp\/v2\/posts\/741"}],"collection":[{"href":"https:\/\/blogs.hoy.es\/senderosextremadura\/wp-json\/wp\/v2\/posts"}],"about":[{"href":"https:\/\/blogs.hoy.es\/senderosextremadura\/wp-json\/wp\/v2\/types\/post"}],"author":[{"embeddable":true,"href":"https:\/\/blogs.hoy.es\/senderosextremadura\/wp-json\/wp\/v2\/users\/27"}],"replies":[{"embeddable":true,"href":"https:\/\/blogs.hoy.es\/senderosextremadura\/wp-json\/wp\/v2\/comments?post=741"}],"version-history":[{"count":0,"href":"https:\/\/blogs.hoy.es\/senderosextremadura\/wp-json\/wp\/v2\/posts\/741\/revisions"}],"wp:attachment":[{"href":"https:\/\/blogs.hoy.es\/senderosextremadura\/wp-json\/wp\/v2\/media?parent=741"}],"wp:term":[{"taxonomy":"category","embeddable":true,"href":"https:\/\/blogs.hoy.es\/senderosextremadura\/wp-json\/wp\/v2\/categories?post=741"},{"taxonomy":"post_tag","embeddable":true,"href":"https:\/\/blogs.hoy.es\/senderosextremadura\/wp-json\/wp\/v2\/tags?post=741"}],"curies":[{"name":"wp","href":"https:\/\/api.w.org\/{rel}","templated":true}]}}