{"id":747,"date":"2012-08-27T09:49:23","date_gmt":"2012-08-27T09:49:23","guid":{"rendered":"http:\/\/blogs.hoy.es\/senderosextremadura\/?p=747"},"modified":"2012-08-27T09:49:23","modified_gmt":"2012-08-27T09:49:23","slug":"sube-al-pico-montanchez-y-visita-la-terrona-el-dia-de-extremadura-8-de-septiembre","status":"publish","type":"post","link":"https:\/\/blogs.hoy.es\/senderosextremadura\/2012\/08\/27\/sube-al-pico-montanchez-y-visita-la-terrona-el-dia-de-extremadura-8-de-septiembre\/","title":{"rendered":"Sube al pico Mont\u00e1nchez y visita la Terrona el D\u00eda de Extremadura (8 de septiembre)"},"content":{"rendered":"<p><a href=\"https:\/\/blogs.hoy.es\/senderosextremadura\/2012\/08\/27\/sube-al-pico-montanchez-y-visita-la-terrona-el-dia-de-extremadura-8-de-septiembre\/encina\/\" rel=\"attachment wp-att-749\"><img loading=\"lazy\" class=\"aligncenter size-large wp-image-749\" title=\"encina\" src=\"\/senderosextremadura\/wp-content\/uploads\/sites\/22\/2012\/08\/encina.jpg\" alt=\"\" width=\"600\" height=\"398\" srcset=\"https:\/\/static-blogs.hoy.es\/wp-content\/uploads\/sites\/22\/2012\/08\/encina.jpg 2240w, https:\/\/static-blogs.hoy.es\/wp-content\/uploads\/sites\/22\/2012\/08\/encina-300x199.jpg 300w, https:\/\/static-blogs.hoy.es\/wp-content\/uploads\/sites\/22\/2012\/08\/encina-768x510.jpg 768w, https:\/\/static-blogs.hoy.es\/wp-content\/uploads\/sites\/22\/2012\/08\/encina-600x399.jpg 600w\" sizes=\"(max-width: 600px) 100vw, 600px\" \/><\/a><\/p>\n<p>El centro de Extremadura tiene nombre propio, <strong>Mont\u00e1nchez<\/strong>. Por ello la <a href=\"http:\/\/www.facebook.com\/#!\/events\/407234132668808\/\" target=\"_blank\" rel=\"external nofollow\"><strong>Asociaci\u00f3n<\/strong> <strong>Geogr\u00e1fica<\/strong><\/a> realizar\u00e1 , en el D\u00eda de Extremadura, una visita al pico Mont\u00e1nchez (994 metros) a trav\u00e9s de la senda de &#8220;los molinos&#8221;, de &#8220;los casta\u00f1os&#8221; y de &#8220;donde nace&#8221;, para una vez en lo alto, realizar un taller de Geograf\u00eda Extreme\u00f1a con material aportado por nuestra entidad. Al finalizar la ruta se visitar\u00e1\u00a0 a la <strong>Terrona<\/strong>, la encina m\u00e1s anciana de nuestro pa\u00eds con m\u00e1s de 800 a\u00f1os de vida.<\/p>\n<p>Requisitos: Tener entre 13 y 30 a\u00f1os.<br \/>\nFecha de reuni\u00f3n previa: 4 de septiembre a las 20:00 h.<br \/>\nFecha: 8 de septiembre.<br \/>\nPrecio: 3 euros<\/p>\n<p>INCLUYE: Autob\u00fas (ida y vuelta), Material Ambiental, Gu\u00edas titulados, Seguros (RC y SOV) y Sorpresas de la Casa.<\/p>\n<p>Para inscribirte rellena el siguiente formulario y entregalo en la Concejalia de Juventud (Ronda del Pilar, 20. Badajoz) o envialo al correo electronico <a href=\"mailto:programasdejuventud1@aytobadajoz.es\" target=\"_blank\"><strong>programasdejuventud1@aytobadajoz.es<\/strong><\/a><\/p>\n<p><a href=\"http:\/\/www.aytobadajoz.es\/files\/archivos\/ayto\/2012_04\/ficha_de_inscripciOn_vnb_2012.pdf\" target=\"_blank\" rel=\"external nofollow\"><strong>http:\/\/www.aytobadajoz.es\/files\/archivos\/ayto\/2012_04\/ficha_de_inscripciOn_vnb_2012.pdf<\/strong><\/a><\/p>\n<!-- AddThis Advanced Settings generic via filter on the_content --><!-- AddThis Share Buttons generic via filter on the_content -->","protected":false},"excerpt":{"rendered":"<p>El centro de Extremadura tiene nombre propio, Mont\u00e1nchez. Por ello la Asociaci\u00f3n Geogr\u00e1fica realizar\u00e1 , en el D\u00eda de Extremadura, una visita al pico Mont\u00e1nchez (994 metros) a trav\u00e9s de la senda de &#8220;los molinos&#8221;, de &#8220;los casta\u00f1os&#8221; y de &#8220;donde nace&#8221;, para una vez en lo alto, realizar un taller de Geograf\u00eda Extreme\u00f1a con [&hellip;]<!-- AddThis Advanced Settings generic via filter on get_the_excerpt --><!-- AddThis Share Buttons generic via filter on get_the_excerpt --><\/p>\n","protected":false},"author":27,"featured_media":0,"comment_status":"open","ping_status":"closed","sticky":false,"template":"","format":"standard","meta":[],"categories":[4],"tags":[86,121,301,522,654,713,906],"_links":{"self":[{"href":"https:\/\/blogs.hoy.es\/senderosextremadura\/wp-json\/wp\/v2\/posts\/747"}],"collection":[{"href":"https:\/\/blogs.hoy.es\/senderosextremadura\/wp-json\/wp\/v2\/posts"}],"about":[{"href":"https:\/\/blogs.hoy.es\/senderosextremadura\/wp-json\/wp\/v2\/types\/post"}],"author":[{"embeddable":true,"href":"https:\/\/blogs.hoy.es\/senderosextremadura\/wp-json\/wp\/v2\/users\/27"}],"replies":[{"embeddable":true,"href":"https:\/\/blogs.hoy.es\/senderosextremadura\/wp-json\/wp\/v2\/comments?post=747"}],"version-history":[{"count":0,"href":"https:\/\/blogs.hoy.es\/senderosextremadura\/wp-json\/wp\/v2\/posts\/747\/revisions"}],"wp:attachment":[{"href":"https:\/\/blogs.hoy.es\/senderosextremadura\/wp-json\/wp\/v2\/media?parent=747"}],"wp:term":[{"taxonomy":"category","embeddable":true,"href":"https:\/\/blogs.hoy.es\/senderosextremadura\/wp-json\/wp\/v2\/categories?post=747"},{"taxonomy":"post_tag","embeddable":true,"href":"https:\/\/blogs.hoy.es\/senderosextremadura\/wp-json\/wp\/v2\/tags?post=747"}],"curies":[{"name":"wp","href":"https:\/\/api.w.org\/{rel}","templated":true}]}}