{"id":752,"date":"2012-08-28T09:25:52","date_gmt":"2012-08-28T09:25:52","guid":{"rendered":"http:\/\/blogs.hoy.es\/senderosextremadura\/?p=752"},"modified":"2012-08-28T09:25:52","modified_gmt":"2012-08-28T09:25:52","slug":"ruta-nocturna-en-villafranca-de-los-barros-1-de-semptiembre","status":"publish","type":"post","link":"https:\/\/blogs.hoy.es\/senderosextremadura\/2012\/08\/28\/ruta-nocturna-en-villafranca-de-los-barros-1-de-semptiembre\/","title":{"rendered":"Ruta nocturna en Villafranca de los Barros (1 de semptiembre)"},"content":{"rendered":"<p><span style=\"font-size: large;\"><a href=\"https:\/\/blogs.hoy.es\/senderosextremadura\/2012\/08\/28\/ruta-nocturna-en-villafranca-de-los-barros-1-de-semptiembre\/luna\/\" rel=\"attachment wp-att-755\"><img loading=\"lazy\" class=\"alignright  wp-image-755\" title=\"luna\" src=\"\/senderosextremadura\/wp-content\/uploads\/sites\/22\/2012\/08\/luna.jpg\" alt=\"\" width=\"324\" height=\"437\" srcset=\"https:\/\/static-blogs.hoy.es\/wp-content\/uploads\/sites\/22\/2012\/08\/luna.jpg 474w, https:\/\/static-blogs.hoy.es\/wp-content\/uploads\/sites\/22\/2012\/08\/luna-222x300.jpg 222w\" sizes=\"(max-width: 324px) 100vw, 324px\" \/><\/a>La <a href=\"http:\/\/aslunadeagosto.blogspot.com.es\/\" target=\"_blank\" rel=\"external nofollow\"><strong>Asociaci\u00f3n Senderista Luna de Agosto<\/strong><\/a> de Villafranca de los Barros ha organizado una ruta para empezar el mes de septiembre caminando. Los caminantes se concentrar\u00e1n en la Plaza de Espa\u00f1a de Villafranca de los Barros a las 20.30.El trayecto tiene un recorrido de 15 kil\u00f3metros de dificultad baja. Se recomienda llevar agua y linterna.\u00a0\u00a0 <\/span><\/p>\n<p><span style=\"font-size: large;\">Durante el descanso en el camino se ofrecer\u00e1n refrescos. Es obligatoria la inscripci\u00f3n antes del viernes 924 525701<br \/>\n<\/span><\/p>\n<!-- AddThis Advanced Settings generic via filter on the_content --><!-- AddThis Share Buttons generic via filter on the_content -->","protected":false},"excerpt":{"rendered":"<p>La Asociaci\u00f3n Senderista Luna de Agosto de Villafranca de los Barros ha organizado una ruta para empezar el mes de septiembre caminando. Los caminantes se concentrar\u00e1n en la Plaza de Espa\u00f1a de Villafranca de los Barros a las 20.30.El trayecto tiene un recorrido de 15 kil\u00f3metros de dificultad baja. Se recomienda llevar agua y linterna.\u00a0\u00a0 [&hellip;]<!-- AddThis Advanced Settings generic via filter on get_the_excerpt --><!-- AddThis Share Buttons generic via filter on get_the_excerpt --><\/p>\n","protected":false},"author":27,"featured_media":0,"comment_status":"open","ping_status":"closed","sticky":false,"template":"","format":"standard","meta":[],"categories":[4],"tags":[86,93,713,942,1081],"_links":{"self":[{"href":"https:\/\/blogs.hoy.es\/senderosextremadura\/wp-json\/wp\/v2\/posts\/752"}],"collection":[{"href":"https:\/\/blogs.hoy.es\/senderosextremadura\/wp-json\/wp\/v2\/posts"}],"about":[{"href":"https:\/\/blogs.hoy.es\/senderosextremadura\/wp-json\/wp\/v2\/types\/post"}],"author":[{"embeddable":true,"href":"https:\/\/blogs.hoy.es\/senderosextremadura\/wp-json\/wp\/v2\/users\/27"}],"replies":[{"embeddable":true,"href":"https:\/\/blogs.hoy.es\/senderosextremadura\/wp-json\/wp\/v2\/comments?post=752"}],"version-history":[{"count":0,"href":"https:\/\/blogs.hoy.es\/senderosextremadura\/wp-json\/wp\/v2\/posts\/752\/revisions"}],"wp:attachment":[{"href":"https:\/\/blogs.hoy.es\/senderosextremadura\/wp-json\/wp\/v2\/media?parent=752"}],"wp:term":[{"taxonomy":"category","embeddable":true,"href":"https:\/\/blogs.hoy.es\/senderosextremadura\/wp-json\/wp\/v2\/categories?post=752"},{"taxonomy":"post_tag","embeddable":true,"href":"https:\/\/blogs.hoy.es\/senderosextremadura\/wp-json\/wp\/v2\/tags?post=752"}],"curies":[{"name":"wp","href":"https:\/\/api.w.org\/{rel}","templated":true}]}}