{"id":763,"date":"2012-09-07T08:34:31","date_gmt":"2012-09-07T08:34:31","guid":{"rendered":"http:\/\/blogs.hoy.es\/senderosextremadura\/?p=763"},"modified":"2012-09-07T08:34:31","modified_gmt":"2012-09-07T08:34:31","slug":"subida-a-la-sierra-de-dios-padre-en-villanueva-de-la-sierra-21-de-octubre","status":"publish","type":"post","link":"https:\/\/blogs.hoy.es\/senderosextremadura\/2012\/09\/07\/subida-a-la-sierra-de-dios-padre-en-villanueva-de-la-sierra-21-de-octubre\/","title":{"rendered":"Subida a la sierra de Dios Padre, en Villanueva de la Sierra (21 de octubre)"},"content":{"rendered":"<p><a href=\"https:\/\/blogs.hoy.es\/senderosextremadura\/2012\/09\/07\/subida-a-la-sierra-de-dios-padre-en-villanueva-de-la-sierra-21-de-octubre\/sierra-diospadre-2\/\" rel=\"attachment wp-att-765\"><img loading=\"lazy\" class=\"aligncenter  wp-image-765\" title=\"sierra-diospadre\" src=\"\/senderosextremadura\/wp-content\/uploads\/sites\/22\/2012\/09\/sierra-diospadre1.jpg\" alt=\"\" width=\"560\" height=\"373\" srcset=\"https:\/\/static-blogs.hoy.es\/wp-content\/uploads\/sites\/22\/2012\/09\/sierra-diospadre1.jpg 600w, https:\/\/static-blogs.hoy.es\/wp-content\/uploads\/sites\/22\/2012\/09\/sierra-diospadre1-300x200.jpg 300w\" sizes=\"(max-width: 560px) 100vw, 560px\" \/><\/a><\/p>\n<p>La <a href=\"http:\/\/www.mancomunidadtrasierratierrasdegranadilla.es\/\" target=\"_blank\" rel=\"external nofollow\"><strong>Mancomunidad Sierra de Gata<\/strong><\/a> organizar\u00e1 el pr\u00f3ximo <strong>21 de octubre<\/strong> una subida a la Sierra de Dios Padre. La actividad se enmarca en el <strong>Calendario Oficial de Rutas Senderistas<\/strong> por Extremadura, en el que colaboran la\u00a0 FEXME y la Direcci\u00f3n General de Juventud y Deporte.<\/p>\n<p>Con apariencia de volc\u00e1n y nombre de fuertes resonancias b\u00edblicas, es una de las m\u00e1s antiguas de Extremadura. Se halla situada en el l\u00edmite occidental de la comarca, lindando con la Sierra de Gata, y su edad se remonta a 500 millones de a\u00f1os. Se eleva unos 500 metros sobre la penillanura. Este hecho, unido a su solitaria ubicaci\u00f3n ,es lo que hace que desde ella sea posible contemplar gran cantidad de pueblos: m\u00e1s de veinte en un d\u00eda cualquiera, y casi setenta en los despejados, incluida una poblaci\u00f3n de la vecina Salamanca. Asimismo se pueden divisar las sierras de Francia, Candelario, Trasierra, Hurdes, Gata, el <strong>Puerto de los Casta\u00f1os<\/strong>, las Villuercas y la sierra de la Mosca, en las cercan\u00edas de C\u00e1ceres capital. En \u00e9poca de riesgo de incendios hay guardas que nos pueden indicar todos estos puntos.<\/p>\n<p>En la cumbre, aparte de la torre de vigilancia y del v\u00e9rtice geod\u00e9sico, hay una peque\u00f1a ermita, con arco toral visigodo, en honor a Dios Padre, donde todos los a\u00f1os suben los vecinos de <strong>Villanueva de la Sierra<\/strong> a celebrar la romer\u00eda. Todav\u00eda suben algunos de Santa Cruz de Paniagua, que al parecer fueron quienes comenzaron la tradici\u00f3n.<\/p>\n<!-- AddThis Advanced Settings generic via filter on the_content --><!-- AddThis Share Buttons generic via filter on the_content -->","protected":false},"excerpt":{"rendered":"<p>La Mancomunidad Sierra de Gata organizar\u00e1 el pr\u00f3ximo 21 de octubre una subida a la Sierra de Dios Padre. La actividad se enmarca en el Calendario Oficial de Rutas Senderistas por Extremadura, en el que colaboran la\u00a0 FEXME y la Direcci\u00f3n General de Juventud y Deporte. Con apariencia de volc\u00e1n y nombre de fuertes resonancias [&hellip;]<!-- AddThis Advanced Settings generic via filter on get_the_excerpt --><!-- AddThis Share Buttons generic via filter on get_the_excerpt --><\/p>\n","protected":false},"author":27,"featured_media":0,"comment_status":"open","ping_status":"closed","sticky":false,"template":"","format":"standard","meta":[],"categories":[4],"tags":[121,301,348,479,580,792,906,944,970],"_links":{"self":[{"href":"https:\/\/blogs.hoy.es\/senderosextremadura\/wp-json\/wp\/v2\/posts\/763"}],"collection":[{"href":"https:\/\/blogs.hoy.es\/senderosextremadura\/wp-json\/wp\/v2\/posts"}],"about":[{"href":"https:\/\/blogs.hoy.es\/senderosextremadura\/wp-json\/wp\/v2\/types\/post"}],"author":[{"embeddable":true,"href":"https:\/\/blogs.hoy.es\/senderosextremadura\/wp-json\/wp\/v2\/users\/27"}],"replies":[{"embeddable":true,"href":"https:\/\/blogs.hoy.es\/senderosextremadura\/wp-json\/wp\/v2\/comments?post=763"}],"version-history":[{"count":0,"href":"https:\/\/blogs.hoy.es\/senderosextremadura\/wp-json\/wp\/v2\/posts\/763\/revisions"}],"wp:attachment":[{"href":"https:\/\/blogs.hoy.es\/senderosextremadura\/wp-json\/wp\/v2\/media?parent=763"}],"wp:term":[{"taxonomy":"category","embeddable":true,"href":"https:\/\/blogs.hoy.es\/senderosextremadura\/wp-json\/wp\/v2\/categories?post=763"},{"taxonomy":"post_tag","embeddable":true,"href":"https:\/\/blogs.hoy.es\/senderosextremadura\/wp-json\/wp\/v2\/tags?post=763"}],"curies":[{"name":"wp","href":"https:\/\/api.w.org\/{rel}","templated":true}]}}