{"id":767,"date":"2012-09-12T09:44:45","date_gmt":"2012-09-12T09:44:45","guid":{"rendered":"http:\/\/blogs.hoy.es\/senderosextremadura\/?p=767"},"modified":"2012-09-12T09:44:45","modified_gmt":"2012-09-12T09:44:45","slug":"ruta-nocturna-por-badajoz-15-de-septiembre","status":"publish","type":"post","link":"https:\/\/blogs.hoy.es\/senderosextremadura\/2012\/09\/12\/ruta-nocturna-por-badajoz-15-de-septiembre\/","title":{"rendered":"Ruta nocturna por Badajoz (15 de septiembre)"},"content":{"rendered":"<p>&nbsp;<\/p>\n<div id=\"attachment_769\" style=\"width: 610px\" class=\"wp-caption aligncenter\"><a href=\"https:\/\/blogs.hoy.es\/senderosextremadura\/2012\/09\/12\/ruta-nocturna-por-badajoz-15-de-septiembre\/puentecopia\/\" rel=\"attachment wp-att-769\"><img aria-describedby=\"caption-attachment-769\" loading=\"lazy\" class=\"size-large wp-image-769\" title=\"puentecopia\" src=\"\/senderosextremadura\/wp-content\/uploads\/sites\/22\/2012\/09\/puentecopia.jpg\" alt=\"\" width=\"600\" height=\"450\" srcset=\"https:\/\/static-blogs.hoy.es\/wp-content\/uploads\/sites\/22\/2012\/09\/puentecopia.jpg 1024w, https:\/\/static-blogs.hoy.es\/wp-content\/uploads\/sites\/22\/2012\/09\/puentecopia-300x225.jpg 300w, https:\/\/static-blogs.hoy.es\/wp-content\/uploads\/sites\/22\/2012\/09\/puentecopia-768x576.jpg 768w, https:\/\/static-blogs.hoy.es\/wp-content\/uploads\/sites\/22\/2012\/09\/puentecopia-600x450.jpg 600w\" sizes=\"(max-width: 600px) 100vw, 600px\" \/><\/a><p id=\"caption-attachment-769\" class=\"wp-caption-text\">Puente de Palmas al anochecer. \/ \u00c1NGELA MURILLO<\/p><\/div>\n<p>&nbsp;<\/p>\n<p><span style=\"font-size: medium;\">El <strong><a href=\"http:\/\/www.clubcaminantebadajoz.com\/\" target=\"_blank\" rel=\"external nofollow\">Club del Caminante de Badajoz<\/a><\/strong> nos invita a disfrutar este s\u00e1bado d\u00eda 15 de un paseo nocturno por los alrededores de la capital pacense. Los participantes en esta actividad gratuita pasar\u00e1n por zonas como las antenas del <strong>Cerro del Viento<\/strong>, desde la que se obtienen bonitas vistas de la ciudad. Para participar en el recorrido de 15 kil\u00f3metros y escasa dificultad no se necesita inscripci\u00f3n previa, s\u00ed es aconsejable llevar calzado y ropa adecuados, adem\u00e1s de agua. La salida tendr\u00e1 lugar desde el <strong>Ancla de Santa Marina a las 21 horas<\/strong>, y terminar\u00e1 tres o cuatro horas despu\u00e9s. Los menores deber\u00e1n ir acompa\u00f1ados por un adulto.<\/span><\/p>\n<p>&nbsp;<\/p>\n<p><strong>M\u00e1s informaci\u00f3n:<\/strong><\/p>\n<p><a href=\"mailto:ccaminantebadajoz@gmail.com\" target=\"_blank\"><strong>ccaminantebadajoz@gmail.com<\/strong><\/a><\/p>\n<p><a href=\"http:\/\/www.clubcaminantebadajoz.com\/\" rel=\"external nofollow\"><strong>www.clubcaminantebadajoz.com<\/strong><\/a><\/p>\n<p>924 223228 &#8211; 639911512<\/p>\n<!-- AddThis Advanced Settings generic via filter on the_content --><!-- AddThis Share Buttons generic via filter on the_content -->","protected":false},"excerpt":{"rendered":"<p>&nbsp; &nbsp; El Club del Caminante de Badajoz nos invita a disfrutar este s\u00e1bado d\u00eda 15 de un paseo nocturno por los alrededores de la capital pacense. Los participantes en esta actividad gratuita pasar\u00e1n por zonas como las antenas del Cerro del Viento, desde la que se obtienen bonitas vistas de la ciudad. Para participar [&hellip;]<!-- AddThis Advanced Settings generic via filter on get_the_excerpt --><!-- AddThis Share Buttons generic via filter on get_the_excerpt --><\/p>\n","protected":false},"author":27,"featured_media":0,"comment_status":"open","ping_status":"closed","sticky":false,"template":"","format":"standard","meta":[],"categories":[4],"tags":[86,132,211,301,604,713,906,942],"_links":{"self":[{"href":"https:\/\/blogs.hoy.es\/senderosextremadura\/wp-json\/wp\/v2\/posts\/767"}],"collection":[{"href":"https:\/\/blogs.hoy.es\/senderosextremadura\/wp-json\/wp\/v2\/posts"}],"about":[{"href":"https:\/\/blogs.hoy.es\/senderosextremadura\/wp-json\/wp\/v2\/types\/post"}],"author":[{"embeddable":true,"href":"https:\/\/blogs.hoy.es\/senderosextremadura\/wp-json\/wp\/v2\/users\/27"}],"replies":[{"embeddable":true,"href":"https:\/\/blogs.hoy.es\/senderosextremadura\/wp-json\/wp\/v2\/comments?post=767"}],"version-history":[{"count":0,"href":"https:\/\/blogs.hoy.es\/senderosextremadura\/wp-json\/wp\/v2\/posts\/767\/revisions"}],"wp:attachment":[{"href":"https:\/\/blogs.hoy.es\/senderosextremadura\/wp-json\/wp\/v2\/media?parent=767"}],"wp:term":[{"taxonomy":"category","embeddable":true,"href":"https:\/\/blogs.hoy.es\/senderosextremadura\/wp-json\/wp\/v2\/categories?post=767"},{"taxonomy":"post_tag","embeddable":true,"href":"https:\/\/blogs.hoy.es\/senderosextremadura\/wp-json\/wp\/v2\/tags?post=767"}],"curies":[{"name":"wp","href":"https:\/\/api.w.org\/{rel}","templated":true}]}}