{"id":772,"date":"2012-09-19T17:49:21","date_gmt":"2012-09-19T17:49:21","guid":{"rendered":"http:\/\/blogs.hoy.es\/senderosextremadura\/?p=772"},"modified":"2012-09-19T17:49:21","modified_gmt":"2012-09-19T17:49:21","slug":"ruta-por-cabo-raso-portugal-23-de-septiembre","status":"publish","type":"post","link":"https:\/\/blogs.hoy.es\/senderosextremadura\/2012\/09\/19\/ruta-por-cabo-raso-portugal-23-de-septiembre\/","title":{"rendered":"Ruta senderista de Explorer por Portugal (23 de septiembre)"},"content":{"rendered":"<p><a href=\"https:\/\/blogs.hoy.es\/senderosextremadura\/2012\/09\/19\/ruta-por-cabo-raso-portugal-23-de-septiembre\/ericeias\/\" rel=\"attachment wp-att-808\"><img loading=\"lazy\" class=\"aligncenter size-large wp-image-808\" title=\"ericeias\" src=\"\/senderosextremadura\/wp-content\/uploads\/sites\/22\/2012\/09\/ericeias.jpg\" alt=\"\" width=\"600\" height=\"375\" srcset=\"https:\/\/static-blogs.hoy.es\/wp-content\/uploads\/sites\/22\/2012\/09\/ericeias.jpg 800w, https:\/\/static-blogs.hoy.es\/wp-content\/uploads\/sites\/22\/2012\/09\/ericeias-300x188.jpg 300w, https:\/\/static-blogs.hoy.es\/wp-content\/uploads\/sites\/22\/2012\/09\/ericeias-768x480.jpg 768w, https:\/\/static-blogs.hoy.es\/wp-content\/uploads\/sites\/22\/2012\/09\/ericeias-600x375.jpg 600w\" sizes=\"(max-width: 600px) 100vw, 600px\" \/><\/a><\/p>\n<p><span style=\"font-size: medium;\"><a href=\"http:\/\/www.zonaexplorer.com\/\" target=\"_blank\" rel=\"external nofollow\"><strong>Explorer<\/strong><\/a> realizar\u00e1 el domingo 23 de septiembre una ruta senderista en Portugal.<strong style=\"font-size: medium;\"><\/strong> La marcha ser\u00e1 ERICEIRA &#8211; SAN LORENZO, en el Concelho de Mafra.<\/span><\/p>\n<p>SALIDA: 08,00h desde Badajoz (Traseras de Eroski)<br \/>\nREGRESO: 18,00h (hora espa\u00f1ola) desde Ericeira (Portugal)<\/p>\n<div>Se trata de Ruta de Senderismo circular de 16,5 Km y dificultad baja, que parte y finaliza en la localidad costera de Ericeira.En una primera parte (10 Km) la ruta transcurre por parajes de interior con vegetaci\u00f3n muy variada (pinos, eucaliptos, maizales y vegetaci\u00f3n de ribera), atravesando la aldea de Fonte Boa dos Nabos y la localidad de Santo Isidoro hasta llegar al Playa de San Lorenzo (donde almorzaremos y quienes lo deseen podr\u00e1n finalizar la ruta, teniendo en cuenta que es la primera actividad tras el verano, y muchos\/as a\u00fan no ten\u00e9is los pies aclimatados).La segunda parte (6,5 Km), la m\u00e1s espectacular, transcurre junto a los acantillados, atravesando las espectaculares Playas de Ribeira d&#8217;Ilhas, Matadouro y San Sebastian, en la cual finalizaremos la ruta.<br \/>\nTeniendo en cuenta que existe previsi\u00f3n de temperaturas m\u00e1ximas entorno a 30\u00ba, os aconsejamos llev\u00e9is ba\u00f1ador, bikini o trikini para disfrutar de la Playa de San Lorenzo. Tambien es importante que no olvideis agua, dado que es una zona con mucha humedad. La Playa de San Lorenzo cuenta con &#8220;chiringuito&#8221; con ba\u00f1o amplio donde poder cambiarse de ropa.<\/div>\n<div>PRECIO: 20 Euros (Pago con Tarjeta Bancaria o Transferencia)<br \/>\nINCLUYE: Traslado ida y vuelta, guias acompa\u00f1antes y seguros<\/div>\n<p>&nbsp;<\/p>\n<p><span style=\"font-size: medium;\">INFORMACI\u00d3N y RESERVAS<\/span><br \/>\n<span style=\"font-size: medium;\">EXPLORER. C\/ Santo Domingo, 49. Tlf: 924 25 15 16<\/span><br \/>\n<span style=\"font-size: medium;\">EXPLORER. C\/ Santo Domingo, 72. Tlf: 924 24 25 85<\/span><br \/>\n<span style=\"font-size: medium;\">Website: http:\/\/www.zonaexplorer.com\/<\/span><br \/>\n<span style=\"font-size: medium;\">E-mail: <a href=\"mailto:actividades@zonaexplorer.com\" target=\"_blank\">actividades@zonaexplorer.com<\/a><\/span><\/p>\n<!-- AddThis Advanced Settings generic via filter on the_content --><!-- AddThis Share Buttons generic via filter on the_content -->","protected":false},"excerpt":{"rendered":"<p>Explorer realizar\u00e1 el domingo 23 de septiembre una ruta senderista en Portugal. La marcha ser\u00e1 ERICEIRA &#8211; SAN LORENZO, en el Concelho de Mafra. SALIDA: 08,00h desde Badajoz (Traseras de Eroski) REGRESO: 18,00h (hora espa\u00f1ola) desde Ericeira (Portugal) Se trata de Ruta de Senderismo circular de 16,5 Km y dificultad baja, que parte y finaliza [&hellip;]<!-- AddThis Advanced Settings generic via filter on get_the_excerpt --><!-- AddThis Share Buttons generic via filter on get_the_excerpt --><\/p>\n","protected":false},"author":27,"featured_media":0,"comment_status":"open","ping_status":"closed","sticky":false,"template":"","format":"standard","meta":[],"categories":[4],"tags":[646,713,906,954],"_links":{"self":[{"href":"https:\/\/blogs.hoy.es\/senderosextremadura\/wp-json\/wp\/v2\/posts\/772"}],"collection":[{"href":"https:\/\/blogs.hoy.es\/senderosextremadura\/wp-json\/wp\/v2\/posts"}],"about":[{"href":"https:\/\/blogs.hoy.es\/senderosextremadura\/wp-json\/wp\/v2\/types\/post"}],"author":[{"embeddable":true,"href":"https:\/\/blogs.hoy.es\/senderosextremadura\/wp-json\/wp\/v2\/users\/27"}],"replies":[{"embeddable":true,"href":"https:\/\/blogs.hoy.es\/senderosextremadura\/wp-json\/wp\/v2\/comments?post=772"}],"version-history":[{"count":0,"href":"https:\/\/blogs.hoy.es\/senderosextremadura\/wp-json\/wp\/v2\/posts\/772\/revisions"}],"wp:attachment":[{"href":"https:\/\/blogs.hoy.es\/senderosextremadura\/wp-json\/wp\/v2\/media?parent=772"}],"wp:term":[{"taxonomy":"category","embeddable":true,"href":"https:\/\/blogs.hoy.es\/senderosextremadura\/wp-json\/wp\/v2\/categories?post=772"},{"taxonomy":"post_tag","embeddable":true,"href":"https:\/\/blogs.hoy.es\/senderosextremadura\/wp-json\/wp\/v2\/tags?post=772"}],"curies":[{"name":"wp","href":"https:\/\/api.w.org\/{rel}","templated":true}]}}