{"id":782,"date":"2012-09-17T18:20:31","date_gmt":"2012-09-17T18:20:31","guid":{"rendered":"http:\/\/blogs.hoy.es\/senderosextremadura\/?p=782"},"modified":"2012-09-17T18:20:31","modified_gmt":"2012-09-17T18:20:31","slug":"ruta-para-jovenes-por-la-sierra-de-tentudia-22-de-septiembre","status":"publish","type":"post","link":"https:\/\/blogs.hoy.es\/senderosextremadura\/2012\/09\/17\/ruta-para-jovenes-por-la-sierra-de-tentudia-22-de-septiembre\/","title":{"rendered":"Ruta para j\u00f3venes por la Sierra de Tentud\u00eda (22 de septiembre)"},"content":{"rendered":"<p><a href=\"https:\/\/blogs.hoy.es\/senderosextremadura\/2012\/09\/17\/ruta-para-jovenes-por-la-sierra-de-tentudia-22-de-septiembre\/ruta-5\/\" rel=\"attachment wp-att-783\"><img loading=\"lazy\" class=\"alignright size-full wp-image-783\" title=\"ruta\" src=\"\/senderosextremadura\/wp-content\/uploads\/sites\/22\/2012\/09\/ruta.jpg\" alt=\"\" width=\"400\" height=\"450\" srcset=\"https:\/\/static-blogs.hoy.es\/wp-content\/uploads\/sites\/22\/2012\/09\/ruta.jpg 400w, https:\/\/static-blogs.hoy.es\/wp-content\/uploads\/sites\/22\/2012\/09\/ruta-267x300.jpg 267w\" sizes=\"(max-width: 400px) 100vw, 400px\" \/><\/a><span style=\"font-size: medium;\">El programa <strong>Vive el Verano de Badajoz<\/strong> incluye en sus \u00faltimos coletazos una ruta senderista por la <strong>Sierra de Tentud\u00eda<\/strong>, al sur de la provincia de Badajoz. La actividad, que tendr\u00e1 lugar el pr\u00f3ximo 22 de septiembre, ha sido organizada para <strong>j\u00f3venes de 13 a 30 a\u00f1os por la Asociaci\u00f3n Geogr\u00e1fica<\/strong>. <\/span><\/p>\n<p><span style=\"font-size: medium;\">El trayecto contar\u00e1 con la presencia de monitores y gu\u00edas de naturaleza titulados. El Pico Tentud\u00eda, con sus 1.112 metros,\u00a0 encumbran el techo de la provincia de Badajoz y Geogr\u00e1fica\u00a0 descubrir\u00e1 a los participantes el entramado de sendas que se establecen en torno a \u00e9l. La galer\u00eda acompa\u00f1ada de alcornocales, encinares, robledales y pinares causan espectaci\u00f3n a cada paso.\u00a0 Una cita especial con el bosque de coniferas, donde recolectaremos el pi\u00f1on prieto de los pinos pi\u00f1oneros.<\/span><\/p>\n<p><span style=\"font-size: medium;\">El precio de inscripci\u00f3n es de 3 euros e incluye autob\u00fas, material ambiental, gu\u00edas titulados y seguros (RC y SOV)<\/span><br \/>\n<span style=\"font-size: medium;\"> Para inscribirte rellena el siguiente formulario y entregalo en la <a href=\"http:\/\/www.aytobadajoz.es\/es\/ayto\/juventud\" target=\"_blank\" rel=\"external nofollow\"><strong>Concejalia de Juventud<\/strong><\/a> (Ronda del Pilar, 20. Badajoz) o envialo al correo electronico <a href=\"mailto:programasdejuventud1@aytobadajoz.es\"><strong>programasdejuventud1@aytob<\/strong><\/a><\/span><wbr><span style=\"font-size: medium;\"><a href=\"mailto:programasdejuventud1@aytobadajoz.es\"><strong>adajoz.es<\/strong><\/a><\/span><\/wbr><\/p>\n<p><span style=\"font-size: medium;\"><a href=\"http:\/\/www.aytobadajoz.es\/files\/archivos\/ayto\/2012_04\/ficha_de_inscripciOn_vnb_2012.pdf\" rel=\"nofollow external\" target=\"_blank\">http:\/\/www.aytobadajoz.es\/<wbr>files\/archivos\/ayto\/<wbr>2012_04\/<wbr>ficha_de_inscripciOn_vnb_20<wbr>12.pdf<\/wbr><\/wbr><\/wbr><\/wbr><\/a><\/span><\/p>\n<!-- AddThis Advanced Settings generic via filter on the_content --><!-- AddThis Share Buttons generic via filter on the_content -->","protected":false},"excerpt":{"rendered":"<p>El programa Vive el Verano de Badajoz incluye en sus \u00faltimos coletazos una ruta senderista por la Sierra de Tentud\u00eda, al sur de la provincia de Badajoz. La actividad, que tendr\u00e1 lugar el pr\u00f3ximo 22 de septiembre, ha sido organizada para j\u00f3venes de 13 a 30 a\u00f1os por la Asociaci\u00f3n Geogr\u00e1fica. El trayecto contar\u00e1 con [&hellip;]<!-- AddThis Advanced Settings generic via filter on get_the_excerpt --><!-- AddThis Share Buttons generic via filter on get_the_excerpt --><\/p>\n","protected":false},"author":27,"featured_media":0,"comment_status":"open","ping_status":"closed","sticky":false,"template":"","format":"standard","meta":[],"categories":[4],"tags":[86,349,420,713,906,954,970,1015,1073,1105],"_links":{"self":[{"href":"https:\/\/blogs.hoy.es\/senderosextremadura\/wp-json\/wp\/v2\/posts\/782"}],"collection":[{"href":"https:\/\/blogs.hoy.es\/senderosextremadura\/wp-json\/wp\/v2\/posts"}],"about":[{"href":"https:\/\/blogs.hoy.es\/senderosextremadura\/wp-json\/wp\/v2\/types\/post"}],"author":[{"embeddable":true,"href":"https:\/\/blogs.hoy.es\/senderosextremadura\/wp-json\/wp\/v2\/users\/27"}],"replies":[{"embeddable":true,"href":"https:\/\/blogs.hoy.es\/senderosextremadura\/wp-json\/wp\/v2\/comments?post=782"}],"version-history":[{"count":0,"href":"https:\/\/blogs.hoy.es\/senderosextremadura\/wp-json\/wp\/v2\/posts\/782\/revisions"}],"wp:attachment":[{"href":"https:\/\/blogs.hoy.es\/senderosextremadura\/wp-json\/wp\/v2\/media?parent=782"}],"wp:term":[{"taxonomy":"category","embeddable":true,"href":"https:\/\/blogs.hoy.es\/senderosextremadura\/wp-json\/wp\/v2\/categories?post=782"},{"taxonomy":"post_tag","embeddable":true,"href":"https:\/\/blogs.hoy.es\/senderosextremadura\/wp-json\/wp\/v2\/tags?post=782"}],"curies":[{"name":"wp","href":"https:\/\/api.w.org\/{rel}","templated":true}]}}