{"id":786,"date":"2012-09-17T18:36:49","date_gmt":"2012-09-17T18:36:49","guid":{"rendered":"http:\/\/blogs.hoy.es\/senderosextremadura\/?p=786"},"modified":"2012-09-17T18:36:49","modified_gmt":"2012-09-17T18:36:49","slug":"el-club-del-caminante-inicia-el-otono-con-la-ruta-de-isabel-la-catolica-23-de-septiembre","status":"publish","type":"post","link":"https:\/\/blogs.hoy.es\/senderosextremadura\/2012\/09\/17\/el-club-del-caminante-inicia-el-otono-con-la-ruta-de-isabel-la-catolica-23-de-septiembre\/","title":{"rendered":"El Club del Caminante inicia el oto\u00f1o con la ruta de Isabel la Cat\u00f3lica (23 de septiembre)"},"content":{"rendered":"<p><span style=\"font-size: medium;\"><a href=\"https:\/\/blogs.hoy.es\/senderosextremadura\/2012\/09\/17\/el-club-del-caminante-inicia-el-otono-con-la-ruta-de-isabel-la-catolica-23-de-septiembre\/isabel\/\" rel=\"attachment wp-att-787\"><img loading=\"lazy\" class=\"alignright size-full wp-image-787\" title=\"isabel\" src=\"\/senderosextremadura\/wp-content\/uploads\/sites\/22\/2012\/09\/isabel.jpg\" alt=\"\" width=\"400\" height=\"450\" srcset=\"https:\/\/static-blogs.hoy.es\/wp-content\/uploads\/sites\/22\/2012\/09\/isabel.jpg 400w, https:\/\/static-blogs.hoy.es\/wp-content\/uploads\/sites\/22\/2012\/09\/isabel-267x300.jpg 267w\" sizes=\"(max-width: 400px) 100vw, 400px\" \/><\/a>El<strong> <a href=\"http:\/\/www.clubcaminantebadajoz.com\/\" target=\"_blank\" rel=\"external nofollow\">Club del Caminante<\/a><\/strong> inicia sus salidas de oto\u00f1o fuera de Badajoz con la <strong>ruta de Isabel la Cat\u00f3lica<\/strong>, todo un cl\u00e1sico del senderismo extreme\u00f1o. La caminanta por la <strong>comarca de las Villuercas<\/strong> tendr\u00e1 lugar el domingo 23 de septiembre. Los participantes comenzar\u00e1n la marcha en <strong>Ca\u00f1amero<\/strong>\u00a0 para llegar despu\u00e9s de 15 kil\u00f3metros a Guadalupe. Esta ruta comienza en la localidad cacere\u00f1a conocida\u00a0 por la calidad de sus vinos de pitarra para llegar a la <strong>Puebla de\u00a0 Guadalupe<\/strong> por el antiguo camino que cruzaban los peregrinos o los Reyes Cat\u00f3licos, cuando se dirigian a su descanso en el Palacio de Maribel. <\/span><\/p>\n<p><span style=\"font-size: medium;\">La senda atraviesa el paraje cuarcitico conocido como el <strong>Melonar del Fraile<\/strong>, para seguir despu\u00e9s\u00a0 siguiendo las aguas del arroyo acompa\u00f1adas por una vegetaci\u00f3n de madro\u00f1os, torviscos, brezos y madreselvas.<\/span><\/p>\n<p><span style=\"font-size: medium;\"><strong>Inscripciones hasta el 20 de septiembre<\/strong> -jueves-<\/span><br \/>\n<span style=\"font-size: medium;\"> Socios: 13 euros<\/span><br \/>\n<span style=\"font-size: medium;\"> No socios: 20 euros (incluye seguro y est\u00e1 sujeto a disponibilidad)<\/span><\/p>\n<p><span style=\"font-size: medium;\">M\u00e1s informaci\u00f3n en:<\/span><\/p>\n<p><span style=\"font-size: medium;\"><strong><a href=\"http:\/\/www.clubcaminantebadajoz.com\/\" target=\"_blank\" rel=\"external nofollow\">www.clubcaminantebadajoz.com<\/a><\/strong><\/span><br \/>\n<span style=\"font-size: medium;\"> 924 223 228 &#8211; 639911512<\/span><\/p>\n<!-- AddThis Advanced Settings generic via filter on the_content --><!-- AddThis Share Buttons generic via filter on the_content -->","protected":false},"excerpt":{"rendered":"<p>El Club del Caminante inicia sus salidas de oto\u00f1o fuera de Badajoz con la ruta de Isabel la Cat\u00f3lica, todo un cl\u00e1sico del senderismo extreme\u00f1o. La caminanta por la comarca de las Villuercas tendr\u00e1 lugar el domingo 23 de septiembre. Los participantes comenzar\u00e1n la marcha en Ca\u00f1amero\u00a0 para llegar despu\u00e9s de 15 kil\u00f3metros a Guadalupe. [&hellip;]<!-- AddThis Advanced Settings generic via filter on get_the_excerpt --><!-- AddThis Share Buttons generic via filter on get_the_excerpt --><\/p>\n","protected":false},"author":27,"featured_media":0,"comment_status":"open","ping_status":"closed","sticky":false,"template":"","format":"standard","meta":[],"categories":[4],"tags":[86,121,131,148,187,301,364,408,713,906,944,1099],"_links":{"self":[{"href":"https:\/\/blogs.hoy.es\/senderosextremadura\/wp-json\/wp\/v2\/posts\/786"}],"collection":[{"href":"https:\/\/blogs.hoy.es\/senderosextremadura\/wp-json\/wp\/v2\/posts"}],"about":[{"href":"https:\/\/blogs.hoy.es\/senderosextremadura\/wp-json\/wp\/v2\/types\/post"}],"author":[{"embeddable":true,"href":"https:\/\/blogs.hoy.es\/senderosextremadura\/wp-json\/wp\/v2\/users\/27"}],"replies":[{"embeddable":true,"href":"https:\/\/blogs.hoy.es\/senderosextremadura\/wp-json\/wp\/v2\/comments?post=786"}],"version-history":[{"count":0,"href":"https:\/\/blogs.hoy.es\/senderosextremadura\/wp-json\/wp\/v2\/posts\/786\/revisions"}],"wp:attachment":[{"href":"https:\/\/blogs.hoy.es\/senderosextremadura\/wp-json\/wp\/v2\/media?parent=786"}],"wp:term":[{"taxonomy":"category","embeddable":true,"href":"https:\/\/blogs.hoy.es\/senderosextremadura\/wp-json\/wp\/v2\/categories?post=786"},{"taxonomy":"post_tag","embeddable":true,"href":"https:\/\/blogs.hoy.es\/senderosextremadura\/wp-json\/wp\/v2\/tags?post=786"}],"curies":[{"name":"wp","href":"https:\/\/api.w.org\/{rel}","templated":true}]}}