{"id":789,"date":"2012-09-17T19:15:05","date_gmt":"2012-09-17T19:15:05","guid":{"rendered":"http:\/\/blogs.hoy.es\/senderosextremadura\/?p=789"},"modified":"2012-09-17T19:15:05","modified_gmt":"2012-09-17T19:15:05","slug":"por-las-cimas-de-la-sierra-del-hospital-del-obispo-23-de-septiembre","status":"publish","type":"post","link":"https:\/\/blogs.hoy.es\/senderosextremadura\/2012\/09\/17\/por-las-cimas-de-la-sierra-del-hospital-del-obispo-23-de-septiembre\/","title":{"rendered":"Por las cimas de la Sierra del Hospital del Obispo (23 de septiembre)"},"content":{"rendered":"<p>&nbsp;<\/p>\n<div id=\"attachment_791\" style=\"width: 610px\" class=\"wp-caption aligncenter\"><a href=\"https:\/\/blogs.hoy.es\/senderosextremadura\/2012\/09\/17\/por-las-cimas-de-la-sierra-del-hospital-del-obispo-23-de-septiembre\/villuercas-3\/\" rel=\"attachment wp-att-791\"><img aria-describedby=\"caption-attachment-791\" loading=\"lazy\" class=\"size-full wp-image-791\" title=\"villuercas\" src=\"\/senderosextremadura\/wp-content\/uploads\/sites\/22\/2012\/09\/villuercas.jpg\" alt=\"\" width=\"600\" height=\"400\" srcset=\"https:\/\/static-blogs.hoy.es\/wp-content\/uploads\/sites\/22\/2012\/09\/villuercas.jpg 600w, https:\/\/static-blogs.hoy.es\/wp-content\/uploads\/sites\/22\/2012\/09\/villuercas-300x200.jpg 300w\" sizes=\"(max-width: 600px) 100vw, 600px\" \/><\/a><p id=\"caption-attachment-791\" class=\"wp-caption-text\">Perfil rocoso de Las Villuercas<\/p><\/div>\n<p><span style=\"font-size: medium;\">El club <a href=\"http:\/\/montanerosmonfrague.es\/actividades.html\" target=\"_blank\" rel=\"external nofollow\"><strong>Monta\u00f1eros de Monfrag\u00fce<\/strong><\/a> realizar\u00e1 el pr\u00f3ximo domingo, <strong>23 de septiembre<\/strong>, una ruta por la comarca cacere\u00f1a de <strong>Las Villuercas<\/strong>. Se trata de la marcha que discurre por la <strong>&#8216;Sierra del Hospital del Obispo&#8217;<\/strong>. La salida desde C\u00e1ceres tendr\u00e1 lugar a las ocho de la ma\u00f1ana. El punto de encuentro es el mismo de siempre: \u00a0el aparcamiento de la plaza Obispo Galarza.<\/span><\/p>\n<p><span style=\"font-size: medium;\"><strong>Desarrollo de la actividad<\/strong><\/span><\/p>\n<p><span style=\"font-size: medium;\">La ruta comienza en el puerto del Hospital, en la carretera que se dirige hacia Carrascalejo. La caminata prosigue por toda la Sierra del Hospital del Obispo. En el camino los monta\u00f1eros alcanzar\u00e1n el pico Cervales (1.443 metros) para terminar el recorrido en la peque\u00f1a poblaci\u00f3n de La Calera.<\/span><\/p>\n<p><span style=\"font-size: medium;\">La marcha tiene unos <strong>14 kil\u00f3metros<\/strong> de distancia pero discurre por terreno de cierta dificultad, ya que no hay caminos y en d\u00edas h\u00famedos la piedra puede estar muy resbaladiza.<\/span><\/p>\n<p><span style=\"font-size: medium;\">Material recomendado: unas buenas botas, chubasquero, protecci\u00f3n solar y ropa de abrigo.<\/span><\/p>\n<p>&nbsp;<\/p>\n<p><a href=\"http:\/\/es.wikiloc.com\/wikiloc\/view.do?id=218427\" target=\"_blank\" rel=\"external nofollow\"><strong>M\u00e1s informaci\u00f3n<\/strong><\/a> de la ruta en Wikilog<\/p>\n<p>&nbsp;<\/p>\n<!-- AddThis Advanced Settings generic via filter on the_content --><!-- AddThis Share Buttons generic via filter on the_content -->","protected":false},"excerpt":{"rendered":"<p>&nbsp; El club Monta\u00f1eros de Monfrag\u00fce realizar\u00e1 el pr\u00f3ximo domingo, 23 de septiembre, una ruta por la comarca cacere\u00f1a de Las Villuercas. Se trata de la marcha que discurre por la &#8216;Sierra del Hospital del Obispo&#8217;. La salida desde C\u00e1ceres tendr\u00e1 lugar a las ocho de la ma\u00f1ana. El punto de encuentro es el mismo [&hellip;]<!-- AddThis Advanced Settings generic via filter on get_the_excerpt --><!-- AddThis Share Buttons generic via filter on get_the_excerpt --><\/p>\n","protected":false},"author":27,"featured_media":0,"comment_status":"open","ping_status":"closed","sticky":false,"template":"","format":"standard","meta":[],"categories":[4],"tags":[121,129,301,515,524,792,906,954],"_links":{"self":[{"href":"https:\/\/blogs.hoy.es\/senderosextremadura\/wp-json\/wp\/v2\/posts\/789"}],"collection":[{"href":"https:\/\/blogs.hoy.es\/senderosextremadura\/wp-json\/wp\/v2\/posts"}],"about":[{"href":"https:\/\/blogs.hoy.es\/senderosextremadura\/wp-json\/wp\/v2\/types\/post"}],"author":[{"embeddable":true,"href":"https:\/\/blogs.hoy.es\/senderosextremadura\/wp-json\/wp\/v2\/users\/27"}],"replies":[{"embeddable":true,"href":"https:\/\/blogs.hoy.es\/senderosextremadura\/wp-json\/wp\/v2\/comments?post=789"}],"version-history":[{"count":0,"href":"https:\/\/blogs.hoy.es\/senderosextremadura\/wp-json\/wp\/v2\/posts\/789\/revisions"}],"wp:attachment":[{"href":"https:\/\/blogs.hoy.es\/senderosextremadura\/wp-json\/wp\/v2\/media?parent=789"}],"wp:term":[{"taxonomy":"category","embeddable":true,"href":"https:\/\/blogs.hoy.es\/senderosextremadura\/wp-json\/wp\/v2\/categories?post=789"},{"taxonomy":"post_tag","embeddable":true,"href":"https:\/\/blogs.hoy.es\/senderosextremadura\/wp-json\/wp\/v2\/tags?post=789"}],"curies":[{"name":"wp","href":"https:\/\/api.w.org\/{rel}","templated":true}]}}