{"id":793,"date":"2012-09-18T00:09:54","date_gmt":"2012-09-18T00:09:54","guid":{"rendered":"http:\/\/blogs.hoy.es\/senderosextremadura\/?p=793"},"modified":"2012-09-18T00:09:54","modified_gmt":"2012-09-18T00:09:54","slug":"ruta-por-salamanca-de-fuentegrinaldo-a-villasrrubias-30-de-septiembre","status":"publish","type":"post","link":"https:\/\/blogs.hoy.es\/senderosextremadura\/2012\/09\/18\/ruta-por-salamanca-de-fuentegrinaldo-a-villasrrubias-30-de-septiembre\/","title":{"rendered":"Ruta por el sur de Salamanca con la asociaci\u00f3n X\u00e1lima  (30 de septiembre)"},"content":{"rendered":"<p>&nbsp;<\/p>\n<div id=\"attachment_795\" style=\"width: 610px\" class=\"wp-caption aligncenter\"><a href=\"https:\/\/blogs.hoy.es\/senderosextremadura\/2012\/09\/18\/ruta-por-salamanca-de-fuentegrinaldo-a-villasrrubias-30-de-septiembre\/rios\/\" rel=\"attachment wp-att-795\"><img aria-describedby=\"caption-attachment-795\" loading=\"lazy\" class=\"size-large wp-image-795\" title=\"rios\" src=\"\/senderosextremadura\/wp-content\/uploads\/sites\/22\/2012\/09\/rios.jpg\" alt=\"\" width=\"600\" height=\"278\" srcset=\"https:\/\/static-blogs.hoy.es\/wp-content\/uploads\/sites\/22\/2012\/09\/rios.jpg 647w, https:\/\/static-blogs.hoy.es\/wp-content\/uploads\/sites\/22\/2012\/09\/rios-300x139.jpg 300w, https:\/\/static-blogs.hoy.es\/wp-content\/uploads\/sites\/22\/2012\/09\/rios-600x278.jpg 600w\" sizes=\"(max-width: 600px) 100vw, 600px\" \/><\/a><p id=\"caption-attachment-795\" class=\"wp-caption-text\">La Ba\u00f1era de R\u00edo Fr\u00edo<\/p><\/div>\n<p><span style=\"font-size: medium;\">La <strong>asociaci\u00f3n de monta\u00f1a X\u00e1lima<\/strong> de Moraleja (C\u00e1ceres) llevar\u00e1 a cabo una ruta de senderismo por la provincia de Salamanca. La marcha, que tendr\u00e1 lugar el pr\u00f3ximo 30 de septiembre, saldr\u00e1 de <strong>Fuenteguinaldo<\/strong> a <strong>Pe\u00f1aparda<\/strong>, para finalizar en <strong>Villasrubias<\/strong> (300 habitantes). La salida tendr\u00e1 lugar a partir de las 8,00 horas desde la avenida de Extremadura de Moraleja. La dificultad ser\u00e1 \u00a0moderada, con una <strong>altura m\u00e1xima de 888 metros<\/strong> y una m\u00ednima de 768 metros. Se recorrer\u00e1n 18,5 kil\u00f3metros durante unas cinco horas. Las inscripciones se realizar\u00e1n en lencer\u00eda Maxi Solana siendo la fecha l\u00edmite de inscripci\u00f3n el viernes 28 de septiembre. <\/span><\/p>\n<p><span style=\"font-size: medium;\">El precio para los socios ser\u00e1 de 6 euros, y para los no socios de 10. Los federados pagaran 2 euros menos.<\/span><\/p>\n<p>&nbsp;<\/p>\n<p>&nbsp;<\/p>\n<!-- AddThis Advanced Settings generic via filter on the_content --><!-- AddThis Share Buttons generic via filter on the_content -->","protected":false},"excerpt":{"rendered":"<p>&nbsp; La asociaci\u00f3n de monta\u00f1a X\u00e1lima de Moraleja (C\u00e1ceres) llevar\u00e1 a cabo una ruta de senderismo por la provincia de Salamanca. La marcha, que tendr\u00e1 lugar el pr\u00f3ximo 30 de septiembre, saldr\u00e1 de Fuenteguinaldo a Pe\u00f1aparda, para finalizar en Villasrubias (300 habitantes). La salida tendr\u00e1 lugar a partir de las 8,00 horas desde la avenida [&hellip;]<!-- AddThis Advanced Settings generic via filter on get_the_excerpt --><!-- AddThis Share Buttons generic via filter on get_the_excerpt --><\/p>\n","protected":false},"author":27,"featured_media":0,"comment_status":"open","ping_status":"closed","sticky":false,"template":"","format":"standard","meta":[],"categories":[4],"tags":[538,879,1096,1109],"_links":{"self":[{"href":"https:\/\/blogs.hoy.es\/senderosextremadura\/wp-json\/wp\/v2\/posts\/793"}],"collection":[{"href":"https:\/\/blogs.hoy.es\/senderosextremadura\/wp-json\/wp\/v2\/posts"}],"about":[{"href":"https:\/\/blogs.hoy.es\/senderosextremadura\/wp-json\/wp\/v2\/types\/post"}],"author":[{"embeddable":true,"href":"https:\/\/blogs.hoy.es\/senderosextremadura\/wp-json\/wp\/v2\/users\/27"}],"replies":[{"embeddable":true,"href":"https:\/\/blogs.hoy.es\/senderosextremadura\/wp-json\/wp\/v2\/comments?post=793"}],"version-history":[{"count":0,"href":"https:\/\/blogs.hoy.es\/senderosextremadura\/wp-json\/wp\/v2\/posts\/793\/revisions"}],"wp:attachment":[{"href":"https:\/\/blogs.hoy.es\/senderosextremadura\/wp-json\/wp\/v2\/media?parent=793"}],"wp:term":[{"taxonomy":"category","embeddable":true,"href":"https:\/\/blogs.hoy.es\/senderosextremadura\/wp-json\/wp\/v2\/categories?post=793"},{"taxonomy":"post_tag","embeddable":true,"href":"https:\/\/blogs.hoy.es\/senderosextremadura\/wp-json\/wp\/v2\/tags?post=793"}],"curies":[{"name":"wp","href":"https:\/\/api.w.org\/{rel}","templated":true}]}}