{"id":796,"date":"2012-09-18T18:53:13","date_gmt":"2012-09-18T18:53:13","guid":{"rendered":"http:\/\/blogs.hoy.es\/senderosextremadura\/?p=796"},"modified":"2012-09-18T18:53:13","modified_gmt":"2012-09-18T18:53:13","slug":"ruta-la-capitana-en-el-limite-con-la-provincia-de-badajoz-23-de-septiembre","status":"publish","type":"post","link":"https:\/\/blogs.hoy.es\/senderosextremadura\/2012\/09\/18\/ruta-la-capitana-en-el-limite-con-la-provincia-de-badajoz-23-de-septiembre\/","title":{"rendered":"Ruta &#039;La capitana&#039;, en el l\u00edmite con la provincia de Badajoz (23 de septiembre)"},"content":{"rendered":"<p><span style=\"font-size: medium;\"><a href=\"https:\/\/blogs.hoy.es\/senderosextremadura\/2012\/09\/18\/ruta-la-capitana-en-el-limite-con-la-provincia-de-badajoz-23-de-septiembre\/capitana\/\" rel=\"attachment wp-att-798\"><img loading=\"lazy\" class=\"aligncenter  wp-image-798\" title=\"capitana\" src=\"\/senderosextremadura\/wp-content\/uploads\/sites\/22\/2012\/09\/capitana.jpg\" alt=\"\" width=\"541\" height=\"405\" srcset=\"https:\/\/static-blogs.hoy.es\/wp-content\/uploads\/sites\/22\/2012\/09\/capitana.jpg 800w, https:\/\/static-blogs.hoy.es\/wp-content\/uploads\/sites\/22\/2012\/09\/capitana-300x225.jpg 300w, https:\/\/static-blogs.hoy.es\/wp-content\/uploads\/sites\/22\/2012\/09\/capitana-768x576.jpg 768w, https:\/\/static-blogs.hoy.es\/wp-content\/uploads\/sites\/22\/2012\/09\/capitana-600x450.jpg 600w\" sizes=\"(max-width: 541px) 100vw, 541px\" \/><\/a><\/span><\/p>\n<p><span style=\"font-size: medium;\">La <a href=\"http:\/\/www.facebook.com\/senderismo.laverea\" target=\"_blank\" rel=\"external nofollow\">Asociaci\u00f3n de Senderismo La Verea<\/a> de <a href=\"http:\/\/www.hoylossantosdemaimona.es\/\" target=\"_blank\" rel=\"external nofollow\">Los Santos de Maimona<\/a> realiza este pr\u00f3ximo domingo una visita <strong>Guadalcanal (Sevilla)<\/strong>, en el l\u00edmite con la provincia de Badajoz. Los caminantes realizar\u00e1n la conocida ruta andaluza de &#8220;La Capitana&#8221;. Se trata de una marcha circular de unos diez kil\u00f3metros y dificultad media.<\/span><br \/>\n<span style=\"font-size: medium;\"> La salida hacia Guadalcanal desde Los Santos de Maimona tendr\u00e1 lugar a las 8:15 horas de la ma\u00f1ana desde la puerta de la UPS (Plaza de Espa\u00f1a). Participar cuesta 3\u00a0 euros los socios y 4 para los no socios. El dinero se pagar\u00e1 al inicio de la ruta.<\/span><\/p>\n<!-- AddThis Advanced Settings generic via filter on the_content --><!-- AddThis Share Buttons generic via filter on the_content -->","protected":false},"excerpt":{"rendered":"<p>La Asociaci\u00f3n de Senderismo La Verea de Los Santos de Maimona realiza este pr\u00f3ximo domingo una visita Guadalcanal (Sevilla), en el l\u00edmite con la provincia de Badajoz. Los caminantes realizar\u00e1n la conocida ruta andaluza de &#8220;La Capitana&#8221;. Se trata de una marcha circular de unos diez kil\u00f3metros y dificultad media. La salida hacia Guadalcanal desde [&hellip;]<!-- AddThis Advanced Settings generic via filter on get_the_excerpt --><!-- AddThis Share Buttons generic via filter on get_the_excerpt --><\/p>\n","protected":false},"author":27,"featured_media":0,"comment_status":"open","ping_status":"closed","sticky":false,"template":"","format":"standard","meta":[],"categories":[3,4],"tags":[86,473,713,895,906,942,967],"_links":{"self":[{"href":"https:\/\/blogs.hoy.es\/senderosextremadura\/wp-json\/wp\/v2\/posts\/796"}],"collection":[{"href":"https:\/\/blogs.hoy.es\/senderosextremadura\/wp-json\/wp\/v2\/posts"}],"about":[{"href":"https:\/\/blogs.hoy.es\/senderosextremadura\/wp-json\/wp\/v2\/types\/post"}],"author":[{"embeddable":true,"href":"https:\/\/blogs.hoy.es\/senderosextremadura\/wp-json\/wp\/v2\/users\/27"}],"replies":[{"embeddable":true,"href":"https:\/\/blogs.hoy.es\/senderosextremadura\/wp-json\/wp\/v2\/comments?post=796"}],"version-history":[{"count":0,"href":"https:\/\/blogs.hoy.es\/senderosextremadura\/wp-json\/wp\/v2\/posts\/796\/revisions"}],"wp:attachment":[{"href":"https:\/\/blogs.hoy.es\/senderosextremadura\/wp-json\/wp\/v2\/media?parent=796"}],"wp:term":[{"taxonomy":"category","embeddable":true,"href":"https:\/\/blogs.hoy.es\/senderosextremadura\/wp-json\/wp\/v2\/categories?post=796"},{"taxonomy":"post_tag","embeddable":true,"href":"https:\/\/blogs.hoy.es\/senderosextremadura\/wp-json\/wp\/v2\/tags?post=796"}],"curies":[{"name":"wp","href":"https:\/\/api.w.org\/{rel}","templated":true}]}}