{"id":802,"date":"2012-09-19T17:56:47","date_gmt":"2012-09-19T17:56:47","guid":{"rendered":"http:\/\/blogs.hoy.es\/senderosextremadura\/?p=802"},"modified":"2012-09-19T17:56:47","modified_gmt":"2012-09-19T17:56:47","slug":"fin-de-semana-en-gredos-con-geografica","status":"publish","type":"post","link":"https:\/\/blogs.hoy.es\/senderosextremadura\/2012\/09\/19\/fin-de-semana-en-gredos-con-geografica\/","title":{"rendered":"Fin de semana en Gredos con Geogr\u00e1fica (28, 29 y 30 de septiembre)"},"content":{"rendered":"<p>&nbsp;<\/p>\n<p><a href=\"https:\/\/blogs.hoy.es\/senderosextremadura\/2012\/09\/19\/fin-de-semana-en-gredos-con-geografica\/gredos-geo\/\" rel=\"attachment wp-att-804\"><img loading=\"lazy\" class=\"alignright size-medium wp-image-804\" title=\"gredos-geo\" src=\"\/senderosextremadura\/wp-content\/uploads\/sites\/22\/2012\/09\/gredos-geo.jpg\" alt=\"\" width=\"300\" height=\"225\" srcset=\"https:\/\/static-blogs.hoy.es\/wp-content\/uploads\/sites\/22\/2012\/09\/gredos-geo.jpg 400w, https:\/\/static-blogs.hoy.es\/wp-content\/uploads\/sites\/22\/2012\/09\/gredos-geo-300x225.jpg 300w\" sizes=\"(max-width: 300px) 100vw, 300px\" \/><\/a>Como cada a\u00f1o, previo al comienzo de la temporada de senderismo, <strong>Geogr\u00e1fica<\/strong> tiene el placer de invitarte a disfrutar de la <strong>Sierra de Gredos<\/strong> durante un fin de semana cargado de actividades en la naturaleza. Altas cumbres vestidas de piornos y animadas por el sutil ballet que las cabras montesas se atreven a danzar, sobre escuetas plataformas de granito, ser\u00e1n los atractivos que reserva un fin de semana al que se le a\u00f1aden, la mejor de las compa\u00f1\u00edas, buena gastronom\u00eda y parajes que, tras nuestra actividad, invitan a descansar.<\/p>\n<p>Fechas: viernes 28, s\u00e1bado 29 y domingo 30 de septiembre.<br \/>\nDificultad media.<br \/>\nPrecio: 120 euros<\/p>\n<p>INCLUYE: dos d\u00edas de actividades de monta\u00f1a, gu\u00eda int\u00e9rprete de naturaleza y Monitores titulados, dos d\u00edas de alojamiento en hotel P.C. (desayuno, picnic y cena).<\/p>\n<p>NO INCLUYE: Desplazamiento (Badajoz-Navarredonda de Gredos-Badajoz)<\/p>\n<p>INSCRIPCIONES:<br \/>\nAsociaci\u00f3n Geogr\u00e1fica.<br \/>\nC\/ Nevero Doce, 15. Oficina 5. 06006. Badajoz.<br \/>\n924 278 561.<br \/>\n<a href=\"mailto:infogeografica@gmail.com\"><strong>infogeografica@gmail.com<\/strong><\/a><\/p>\n<!-- AddThis Advanced Settings generic via filter on the_content --><!-- AddThis Share Buttons generic via filter on the_content -->","protected":false},"excerpt":{"rendered":"<p>&nbsp; Como cada a\u00f1o, previo al comienzo de la temporada de senderismo, Geogr\u00e1fica tiene el placer de invitarte a disfrutar de la Sierra de Gredos durante un fin de semana cargado de actividades en la naturaleza. Altas cumbres vestidas de piornos y animadas por el sutil ballet que las cabras montesas se atreven a danzar, [&hellip;]<!-- AddThis Advanced Settings generic via filter on get_the_excerpt --><!-- AddThis Share Buttons generic via filter on get_the_excerpt --><\/p>\n","protected":false},"author":27,"featured_media":0,"comment_status":"open","ping_status":"closed","sticky":false,"template":"","format":"standard","meta":[],"categories":[4],"tags":[79,362,713,879,906,954],"_links":{"self":[{"href":"https:\/\/blogs.hoy.es\/senderosextremadura\/wp-json\/wp\/v2\/posts\/802"}],"collection":[{"href":"https:\/\/blogs.hoy.es\/senderosextremadura\/wp-json\/wp\/v2\/posts"}],"about":[{"href":"https:\/\/blogs.hoy.es\/senderosextremadura\/wp-json\/wp\/v2\/types\/post"}],"author":[{"embeddable":true,"href":"https:\/\/blogs.hoy.es\/senderosextremadura\/wp-json\/wp\/v2\/users\/27"}],"replies":[{"embeddable":true,"href":"https:\/\/blogs.hoy.es\/senderosextremadura\/wp-json\/wp\/v2\/comments?post=802"}],"version-history":[{"count":0,"href":"https:\/\/blogs.hoy.es\/senderosextremadura\/wp-json\/wp\/v2\/posts\/802\/revisions"}],"wp:attachment":[{"href":"https:\/\/blogs.hoy.es\/senderosextremadura\/wp-json\/wp\/v2\/media?parent=802"}],"wp:term":[{"taxonomy":"category","embeddable":true,"href":"https:\/\/blogs.hoy.es\/senderosextremadura\/wp-json\/wp\/v2\/categories?post=802"},{"taxonomy":"post_tag","embeddable":true,"href":"https:\/\/blogs.hoy.es\/senderosextremadura\/wp-json\/wp\/v2\/tags?post=802"}],"curies":[{"name":"wp","href":"https:\/\/api.w.org\/{rel}","templated":true}]}}