{"id":805,"date":"2012-09-20T08:44:05","date_gmt":"2012-09-20T08:44:05","guid":{"rendered":"http:\/\/blogs.hoy.es\/senderosextremadura\/?p=805"},"modified":"2012-09-20T08:44:05","modified_gmt":"2012-09-20T08:44:05","slug":"mas-de-250-caminantes-terminaron-el-peregrinaje-solidario-a-guadalupe","status":"publish","type":"post","link":"https:\/\/blogs.hoy.es\/senderosextremadura\/2012\/09\/20\/mas-de-250-caminantes-terminaron-el-peregrinaje-solidario-a-guadalupe\/","title":{"rendered":"M\u00e1s de 250 caminantes terminaron el peregrinaje solidario a Guadalupe"},"content":{"rendered":"<p><a href=\"https:\/\/blogs.hoy.es\/senderosextremadura\/2012\/09\/20\/mas-de-250-caminantes-terminaron-el-peregrinaje-solidario-a-guadalupe\/peregrinaje\/\" rel=\"attachment wp-att-806\"><img loading=\"lazy\" class=\"aligncenter size-large wp-image-806\" title=\"peregrinaje\" src=\"\/senderosextremadura\/wp-content\/uploads\/sites\/22\/2012\/09\/peregrinaje.jpg\" alt=\"\" width=\"600\" height=\"375\" srcset=\"https:\/\/static-blogs.hoy.es\/wp-content\/uploads\/sites\/22\/2012\/09\/peregrinaje.jpg 800w, https:\/\/static-blogs.hoy.es\/wp-content\/uploads\/sites\/22\/2012\/09\/peregrinaje-300x188.jpg 300w, https:\/\/static-blogs.hoy.es\/wp-content\/uploads\/sites\/22\/2012\/09\/peregrinaje-768x480.jpg 768w, https:\/\/static-blogs.hoy.es\/wp-content\/uploads\/sites\/22\/2012\/09\/peregrinaje-600x375.jpg 600w\" sizes=\"(max-width: 600px) 100vw, 600px\" \/><\/a><\/p>\n<h3><span style=\"font-size: medium;\">El pasado domingo 16 finalizaron su peregrinaje los integrantes de la Marcha a Guadalupe organizada por el <a href=\"http:\/\/www.lavereina.es\/pc.html\" target=\"_blank\" rel=\"external nofollow\"><strong>Club Deportivo La Vere\u00edna<\/strong><\/a> con el fin solidario de recaudar fondos para la AECC (Asociaci\u00f3n Espa\u00f1ola Contra el C\u00e1ncer).<\/span><br \/>\n<span style=\"font-size: medium;\"> El peregrinaje realizado es el conocido como \u201cCamino de los descubridores\u201d (C\u00e1ceres-Guadalupe) que comenz\u00f3 el martes 11 con tan s\u00f3lo 3 integrantes en su inicio (C\u00e1ceres-Trujillo), vio c\u00f3mo crec\u00eda poco a poco sus participantes: 6 en su segunda etapa (Trujillo \u2013 Garciaz), 13 en la tercera (Garciaz \u2013 Berzocana), llegamos a 80 el s\u00e1bado (Berzocana \u2013 Ca\u00f1amero), para finalizar con m\u00e1s de 250 participantes en su \u00faltimo tramo (Ca\u00f1amero \u2013 Guadalupe, realizando la famosa ruta de \u201cIsabel la Cat\u00f3lica\u201d).<\/span><\/h3>\n<h3>\n<span style=\"font-size: medium;\"> Los organizadores agradecen a los Ayuntamientos de Garciaz, Berzocana, Ca\u00f1amero y Guadalupe su acogida y hospitalidad al igual que a las personas que integran el grupo de APRODERVI, Caminos de Guadalupe y Geoparque Villuercas. Entre todos hemos hecho posible recaudar cerca de 3.200 euros que ir\u00e1n destinados a ayudar a mantener los servicios que la Asociaci\u00f3n Espa\u00f1ola Contra el C\u00e1ncer ofrece gratuitamente desde su Junta provincial de C\u00e1ceres. Entre ellos cabe destacar su atenci\u00f3n psico-oncol\u00f3gica, el piso de acogida para pacientes de la comunidad que vengan a C\u00e1ceres a darse tratamiento, ayuda domiciliaria a cuidados paliativos, campa\u00f1as de prevenci\u00f3n, cursos para dejar de fumar, talleres ocupacionales, voluntariado y apoyo a la fundaci\u00f3n cient\u00edfica en b\u00fasqueda de soluciones para esta enfermedad.<\/span><\/h3>\n<p>&nbsp;<\/p>\n<p>IGNACIO LUCERO<\/p>\n<!-- AddThis Advanced Settings generic via filter on the_content --><!-- AddThis Share Buttons generic via filter on the_content -->","protected":false},"excerpt":{"rendered":"<p>El pasado domingo 16 finalizaron su peregrinaje los integrantes de la Marcha a Guadalupe organizada por el Club Deportivo La Vere\u00edna con el fin solidario de recaudar fondos para la AECC (Asociaci\u00f3n Espa\u00f1ola Contra el C\u00e1ncer). El peregrinaje realizado es el conocido como \u201cCamino de los descubridores\u201d (C\u00e1ceres-Guadalupe) que comenz\u00f3 el martes 11 con tan [&hellip;]<!-- AddThis Advanced Settings generic via filter on get_the_excerpt --><!-- AddThis Share Buttons generic via filter on get_the_excerpt --><\/p>\n","protected":false},"author":27,"featured_media":0,"comment_status":"open","ping_status":"closed","sticky":false,"template":"","format":"standard","meta":[],"categories":[3],"tags":[15,55,121,148,301,364,713,906,997,1075],"_links":{"self":[{"href":"https:\/\/blogs.hoy.es\/senderosextremadura\/wp-json\/wp\/v2\/posts\/805"}],"collection":[{"href":"https:\/\/blogs.hoy.es\/senderosextremadura\/wp-json\/wp\/v2\/posts"}],"about":[{"href":"https:\/\/blogs.hoy.es\/senderosextremadura\/wp-json\/wp\/v2\/types\/post"}],"author":[{"embeddable":true,"href":"https:\/\/blogs.hoy.es\/senderosextremadura\/wp-json\/wp\/v2\/users\/27"}],"replies":[{"embeddable":true,"href":"https:\/\/blogs.hoy.es\/senderosextremadura\/wp-json\/wp\/v2\/comments?post=805"}],"version-history":[{"count":0,"href":"https:\/\/blogs.hoy.es\/senderosextremadura\/wp-json\/wp\/v2\/posts\/805\/revisions"}],"wp:attachment":[{"href":"https:\/\/blogs.hoy.es\/senderosextremadura\/wp-json\/wp\/v2\/media?parent=805"}],"wp:term":[{"taxonomy":"category","embeddable":true,"href":"https:\/\/blogs.hoy.es\/senderosextremadura\/wp-json\/wp\/v2\/categories?post=805"},{"taxonomy":"post_tag","embeddable":true,"href":"https:\/\/blogs.hoy.es\/senderosextremadura\/wp-json\/wp\/v2\/tags?post=805"}],"curies":[{"name":"wp","href":"https:\/\/api.w.org\/{rel}","templated":true}]}}