{"id":809,"date":"2012-09-24T08:26:54","date_gmt":"2012-09-24T08:26:54","guid":{"rendered":"http:\/\/blogs.hoy.es\/senderosextremadura\/?p=809"},"modified":"2012-09-24T08:26:54","modified_gmt":"2012-09-24T08:26:54","slug":"perdidos-por-la-dehesa-recorre-siete-municipios-de-riberos-del-tajo","status":"publish","type":"post","link":"https:\/\/blogs.hoy.es\/senderosextremadura\/2012\/09\/24\/perdidos-por-la-dehesa-recorre-siete-municipios-de-riberos-del-tajo\/","title":{"rendered":"&#039;Perdidos por la dehesa&#039; recorre siete municipios de Riberos del Tajo"},"content":{"rendered":"<p><span style=\"font-size: medium;\">El programa <strong>&#8216;Perdidos por la dehesa&#8217;<\/strong> pretende descubrir rutas senderistas en los siete municipios que conforman la mancomunidad Riberos del Tajo en C\u00e1ceres, para lo que se han organizado varias marchas a pie durante los meses de septiembre y octubre.<\/span><br \/>\n<span style=\"font-size: medium;\"> La <a href=\"http:\/\/www.riberosdeltajo.info\/Inicio.php\" target=\"_blank\" rel=\"external nofollow\"><strong>Mancomunidad Riberos del Tajo<\/strong><\/a> ha organizado la actividad que recorrer\u00e1 los siete municipios de la comarca: <strong>Mirabel, Casas de Mill\u00e1n, Malpartida de Plasencia, Pedroso de Ac\u00edm, Ca\u00f1averal, Torrej\u00f3n el Rubio <\/strong>y<strong> Serradilla<\/strong>.<\/span><br \/>\n<span style=\"font-size: medium;\"> En cada municipio se realizar\u00e1 una ruta de senderismo desde la plaza mayor recorriendo las dehesas cercanas, <strong>guiados por especialistas<\/strong>, para llegar a una zona donde se desarrollar\u00e1n varios talleres relacionados con el mantenimiento de la dehesa.<\/span><\/p>\n<p><a href=\"https:\/\/blogs.hoy.es\/senderosextremadura\/2012\/09\/24\/perdidos-por-la-dehesa-recorre-siete-municipios-de-riberos-del-tajo\/mirabel\/\" rel=\"attachment wp-att-811\"><img loading=\"lazy\" class=\"size-full wp-image-811\" title=\"mirabel\" src=\"\/senderosextremadura\/wp-content\/uploads\/sites\/22\/2012\/09\/mirabel.jpg\" alt=\"\" width=\"600\" height=\"300\" srcset=\"https:\/\/static-blogs.hoy.es\/wp-content\/uploads\/sites\/22\/2012\/09\/mirabel.jpg 600w, https:\/\/static-blogs.hoy.es\/wp-content\/uploads\/sites\/22\/2012\/09\/mirabel-300x150.jpg 300w\" sizes=\"(max-width: 600px) 100vw, 600px\" \/><\/a><\/p>\n<div class=\"mceTemp mceIEcenter\">Castillo de Mirabel<\/div>\n<p><span style=\"font-size: medium;\"><br \/>\nFinalmente, se llevar\u00e1 a cabo una <strong>degustaci\u00f3n de productos t\u00edpicos de la zona<\/strong>, para despu\u00e9s emprender el camino de regreso hasta la localidad. La actividad est\u00e1 abierta a los vecinos de las localidades y a posibles turistas que quieran conocer la zona.Las inscripciones para cada ruta se pueden hacer a trav\u00e9s de la p\u00e1gina web del programa o en los ayuntamientos de la localidad, y son gratuitas.<\/span><br \/>\n<span style=\"font-size: medium;\"> As\u00ed las siete rutas tendr\u00e1n lugar el s\u00e1bado 29 de septiembre (Mirabel); el domingo 30 de septiembre (Casas de Mill\u00e1n); el domingo 7 de octubre (Malpartida de Plasencia); el s\u00e1bado 13 de octubre (Pedroso de Ac\u00edm); el domingo 14 de octubre (Ca\u00f1averal); el domingo 21 de octubre (Torrej\u00f3n el Rubio) y el s\u00e1bado 27 de octubre (Serradilla).<\/span><br \/>\n<span style=\"font-size: medium;\"> El programa &#8216;Perdidos por la dehesa&#8217; desarrollar\u00e1 adem\u00e1s actividades en los colegios de la Mancomunidad para que los m\u00e1s peque\u00f1os conozcan su entorno, a trav\u00e9s de la realizaci\u00f3n de rutas de senderismo y actividades multiaventura como escalada, orientaci\u00f3n o tiro con arco.<\/span><br \/>\n<span style=\"font-size: medium;\"> Dichas actividades se organizar\u00e1n durante el mes de octubre desde los centros escolares, seg\u00fan concluye la nota.<\/span><\/p>\n<p>&nbsp;<\/p>\n<p><span style=\"font-size: medium;\">Sede Mancomunidad Riberos del Tajo<br \/>\nC\/ Real, 62, 2\u00ba<br \/>\n10820 Ca\u00f1averal (C\u00e1ceres)<br \/>\n<strong>Tel\u00e9fono<\/strong>: 927 300 400<br \/>\n<strong>Fax<\/strong>: 927 300 417<br \/>\n<strong>Email<\/strong>: <a href=\"mailto:contactar@riberosdeltajo.info\">contactar@riberosdeltajo.info<\/a><\/span><\/p>\n<p>&nbsp;<\/p>\n<!-- AddThis Advanced Settings generic via filter on the_content --><!-- AddThis Share Buttons generic via filter on the_content -->","protected":false},"excerpt":{"rendered":"<p>El programa &#8216;Perdidos por la dehesa&#8217; pretende descubrir rutas senderistas en los siete municipios que conforman la mancomunidad Riberos del Tajo en C\u00e1ceres, para lo que se han organizado varias marchas a pie durante los meses de septiembre y octubre. La Mancomunidad Riberos del Tajo ha organizado la actividad que recorrer\u00e1 los siete municipios de [&hellip;]<!-- AddThis Advanced Settings generic via filter on get_the_excerpt --><!-- AddThis Share Buttons generic via filter on get_the_excerpt --><\/p>\n","protected":false},"author":27,"featured_media":0,"comment_status":"open","ping_status":"closed","sticky":false,"template":"","format":"standard","meta":[],"categories":[4],"tags":[11,150,301,505,614,792,944,1004,1022],"_links":{"self":[{"href":"https:\/\/blogs.hoy.es\/senderosextremadura\/wp-json\/wp\/v2\/posts\/809"}],"collection":[{"href":"https:\/\/blogs.hoy.es\/senderosextremadura\/wp-json\/wp\/v2\/posts"}],"about":[{"href":"https:\/\/blogs.hoy.es\/senderosextremadura\/wp-json\/wp\/v2\/types\/post"}],"author":[{"embeddable":true,"href":"https:\/\/blogs.hoy.es\/senderosextremadura\/wp-json\/wp\/v2\/users\/27"}],"replies":[{"embeddable":true,"href":"https:\/\/blogs.hoy.es\/senderosextremadura\/wp-json\/wp\/v2\/comments?post=809"}],"version-history":[{"count":0,"href":"https:\/\/blogs.hoy.es\/senderosextremadura\/wp-json\/wp\/v2\/posts\/809\/revisions"}],"wp:attachment":[{"href":"https:\/\/blogs.hoy.es\/senderosextremadura\/wp-json\/wp\/v2\/media?parent=809"}],"wp:term":[{"taxonomy":"category","embeddable":true,"href":"https:\/\/blogs.hoy.es\/senderosextremadura\/wp-json\/wp\/v2\/categories?post=809"},{"taxonomy":"post_tag","embeddable":true,"href":"https:\/\/blogs.hoy.es\/senderosextremadura\/wp-json\/wp\/v2\/tags?post=809"}],"curies":[{"name":"wp","href":"https:\/\/api.w.org\/{rel}","templated":true}]}}