{"id":822,"date":"2012-09-28T18:26:25","date_gmt":"2012-09-28T18:26:25","guid":{"rendered":"http:\/\/blogs.hoy.es\/senderosextremadura\/?p=822"},"modified":"2012-09-28T18:26:25","modified_gmt":"2012-09-28T18:26:25","slug":"camina-por-los-encantos-de-alange-7-de-octubre","status":"publish","type":"post","link":"https:\/\/blogs.hoy.es\/senderosextremadura\/2012\/09\/28\/camina-por-los-encantos-de-alange-7-de-octubre\/","title":{"rendered":"Camina por los encantos de Alange (7 de octubre)"},"content":{"rendered":"<p><span style=\"font-size: medium;\">El domingo 7 de octubre, la <a href=\"http:\/\/patadelbuey.blogspot.com.es\/2012\/09\/iii-ruta-senderista-los-encantos-de.html\" rel=\"external nofollow\"><strong>Asociaci\u00f3n Senderista Pata del Buey<\/strong><\/a> <\/span><span style=\"font-size: medium;\">vuelve a realiz<\/span><span style=\"font-size: medium;\">ar su <\/span><span style=\"font-size: medium;\">ruta identidad, la de \u201cLos Encantos de Alange\u201d, con la que comenz\u00f3 a caminar por el entorno del pueblo que les vio nacer.<\/span><\/p>\n<p><span style=\"font-size: medium;\">En esta tercera edici\u00f3n hay novedades, ya que se realizar\u00e1n peque\u00f1os cambios en el recorrido que har\u00e1n la ruta a\u00fan m\u00e1s atractiva, se incluye avituallamiento, se dan dos posibilidades de incorporaci\u00f3n de senderistas y al finalizar una peque\u00f1a fiesta de convivencia.<\/span><\/p>\n<p><span style=\"font-size: medium;\">La salida oficial tendr\u00e1 lugar en la Plaza de Espa\u00f1a (donde se encuentra la Iglesia Parroquial) a las 9:30 horas. Desde este punto, para calentar motores, se bajar\u00e1 hasta el Pantano para posteriormente subir al Cerro del Castillo de la Culebra. Primer tramo de la ruta con una longitud de 3.5 Km. y dificultad alta<\/span><\/p>\n<p><span style=\"font-size: medium;\">Como el Castillo es de dif\u00edcil acceso para muchos senderistas, se plantea una segunda incorporaci\u00f3n sobre las 11:00 horas al paso de la ruta por la Ermita de San Gregorio, lugar donde se ofrecer\u00e1 un peque\u00f1o avituallamiento.<\/span><\/p>\n<p><span style=\"font-size: medium;\">Una vez que la ruta vuelva a salir de la poblaci\u00f3n, se adentrar\u00e1 en el Valle de la Jabata, con dificultad media y una longitud de 6.5 Km., para posteriormente volver a zona urbana por la Calle Ba\u00f1os y terminar en el punto de partida.<\/span><span style=\"font-size: medium;\"><a href=\"https:\/\/blogs.hoy.es\/senderosextremadura\/2012\/09\/28\/camina-por-los-encantos-de-alange-7-de-octubre\/cartel-encantos-alange-2012\/\" rel=\"attachment wp-att-823\"><img loading=\"lazy\" class=\"alignright  wp-image-823\" title=\"CARTEL ENCANTOS ALANGE 2012\" src=\"\/senderosextremadura\/wp-content\/uploads\/sites\/22\/2012\/09\/CARTEL-ENCANTOS-ALANGE-2012.jpg\" alt=\"\" width=\"382\" height=\"538\" \/><\/a><\/span><\/p>\n<p>&nbsp;<\/p>\n<p><span style=\"font-size: medium;\">Las inscripciones a este evento senderista son gratuitas. Pueden inscribirse desde el d\u00eda 28 de septiembre hasta el d\u00eda 4 de octubre mediante los siguientes medios:<\/span><\/p>\n<p><span style=\"font-size: medium;\">&#8211;\u00a0\u00a0\u00a0\u00a0\u00a0\u00a0\u00a0\u00a0\u00a0 Correo electr\u00f3nico: <a href=\"mailto:patadelbuey@hotmail.com\">patadelbuey@hotmail.com<\/a><\/span><\/p>\n<p><span style=\"font-size: medium;\">&#8211;\u00a0\u00a0\u00a0\u00a0\u00a0\u00a0\u00a0\u00a0\u00a0 M\u00f3vil: 675 621 738<\/span><\/p>\n<p><span style=\"font-size: medium;\">&#8211;\u00a0\u00a0\u00a0\u00a0\u00a0\u00a0\u00a0\u00a0\u00a0 Personalmente con el presidente (Jos\u00e9 Mar\u00eda) o la secretaria (Milagros).<\/span><\/p>\n<p><span style=\"font-size: medium;\">Deben facilitar los siguientes datos: nombre, edad, localidad de procedencia, tel\u00e9fono m\u00f3vil y si pertenecen a alg\u00fan club o asociaci\u00f3n senderista.<\/span><\/p>\n<p><span style=\"font-size: medium;\">En esta ruta se puede disfrutar de paisajes de sierra y de embalse, de zonas arqueol\u00f3gicas, de canchos con nombre propio, de huertas moriscas, de pr\u00e1cticamente todos los monumentos del casco urbano de Alange, adem\u00e1s de una buena convivencia con los senderistas de esta asociaci\u00f3n que dentro de muy poco cumplir\u00e1 su segundo a\u00f1o de camino.<\/span><\/p>\n<!-- AddThis Advanced Settings generic via filter on the_content --><!-- AddThis Share Buttons generic via filter on the_content -->","protected":false},"excerpt":{"rendered":"<p>El domingo 7 de octubre, la Asociaci\u00f3n Senderista Pata del Buey vuelve a realizar su ruta identidad, la de \u201cLos Encantos de Alange\u201d, con la que comenz\u00f3 a caminar por el entorno del pueblo que les vio nacer. En esta tercera edici\u00f3n hay novedades, ya que se realizar\u00e1n peque\u00f1os cambios en el recorrido que har\u00e1n [&hellip;]<!-- AddThis Advanced Settings generic via filter on get_the_excerpt --><!-- AddThis Share Buttons generic via filter on get_the_excerpt --><\/p>\n","protected":false},"author":27,"featured_media":0,"comment_status":"open","ping_status":"closed","sticky":false,"template":"","format":"standard","meta":[],"categories":[3,4],"tags":[20,86,135,137,157,181,198,250,278,301,713,906,942,954],"_links":{"self":[{"href":"https:\/\/blogs.hoy.es\/senderosextremadura\/wp-json\/wp\/v2\/posts\/822"}],"collection":[{"href":"https:\/\/blogs.hoy.es\/senderosextremadura\/wp-json\/wp\/v2\/posts"}],"about":[{"href":"https:\/\/blogs.hoy.es\/senderosextremadura\/wp-json\/wp\/v2\/types\/post"}],"author":[{"embeddable":true,"href":"https:\/\/blogs.hoy.es\/senderosextremadura\/wp-json\/wp\/v2\/users\/27"}],"replies":[{"embeddable":true,"href":"https:\/\/blogs.hoy.es\/senderosextremadura\/wp-json\/wp\/v2\/comments?post=822"}],"version-history":[{"count":0,"href":"https:\/\/blogs.hoy.es\/senderosextremadura\/wp-json\/wp\/v2\/posts\/822\/revisions"}],"wp:attachment":[{"href":"https:\/\/blogs.hoy.es\/senderosextremadura\/wp-json\/wp\/v2\/media?parent=822"}],"wp:term":[{"taxonomy":"category","embeddable":true,"href":"https:\/\/blogs.hoy.es\/senderosextremadura\/wp-json\/wp\/v2\/categories?post=822"},{"taxonomy":"post_tag","embeddable":true,"href":"https:\/\/blogs.hoy.es\/senderosextremadura\/wp-json\/wp\/v2\/tags?post=822"}],"curies":[{"name":"wp","href":"https:\/\/api.w.org\/{rel}","templated":true}]}}