{"id":825,"date":"2012-09-28T19:05:45","date_gmt":"2012-09-28T19:05:45","guid":{"rendered":"http:\/\/blogs.hoy.es\/senderosextremadura\/?p=825"},"modified":"2012-09-28T19:05:45","modified_gmt":"2012-09-28T19:05:45","slug":"la-via-verde-recorre-el-sendero-de-la-muela-7-de-octubre","status":"publish","type":"post","link":"https:\/\/blogs.hoy.es\/senderosextremadura\/2012\/09\/28\/la-via-verde-recorre-el-sendero-de-la-muela-7-de-octubre\/","title":{"rendered":"La V\u00eda Verde recorre el sendero de La Muela (7 de octubre)"},"content":{"rendered":"<p style=\"text-align: center;\"><a href=\"https:\/\/blogs.hoy.es\/senderosextremadura\/2012\/09\/28\/la-via-verde-recorre-el-sendero-de-la-muela-7-de-octubre\/muela\/\" rel=\"attachment wp-att-826\"><img loading=\"lazy\" class=\"wp-image-826 aligncenter\" title=\"muela\" src=\"\/senderosextremadura\/wp-content\/uploads\/sites\/22\/2012\/09\/muela.jpg\" alt=\"\" width=\"527\" height=\"395\" srcset=\"https:\/\/static-blogs.hoy.es\/wp-content\/uploads\/sites\/22\/2012\/09\/muela.jpg 960w, https:\/\/static-blogs.hoy.es\/wp-content\/uploads\/sites\/22\/2012\/09\/muela-300x225.jpg 300w, https:\/\/static-blogs.hoy.es\/wp-content\/uploads\/sites\/22\/2012\/09\/muela-768x576.jpg 768w, https:\/\/static-blogs.hoy.es\/wp-content\/uploads\/sites\/22\/2012\/09\/muela-600x450.jpg 600w\" sizes=\"(max-width: 527px) 100vw, 527px\" \/><\/a><\/p>\n<p style=\"text-align: left;\">La asociaci\u00f3n Senderismo <strong>La V\u00eda Verde<\/strong> de Villanueva de la Serena realizar\u00e1 el <strong>domingo d\u00eda 7 de octubre<\/strong> la ruta que discurre por el <strong>sendero de la Muela<\/strong>, en la comarca de La Siberia extreme\u00f1a. El recorrido, pr\u00f3ximo a la localidad de Villarta de los Montes, tiene un trazado total de <strong>11 kil\u00f3metros<\/strong> y la dificultad es media-baja. El ascenso m\u00e1ximo en el Alto de la Moraleja, con\u00a0 un desnivel de unos 790\u00a0 metros. En breve os ofrecemos m\u00e1s detalles de esta actividad. Mientras tanto, puedes disfrutar de esta <strong><a href=\"http:\/\/www.hoy.es\/multimedia\/fotos\/ultimos\/107323-sendero-muela-siberia-extremena-0.html\" rel=\"external nofollow\">galer\u00eda de fotos con hermosos paisajes<\/a><\/strong> del frondosos bosques.<\/p>\n<!-- AddThis Advanced Settings generic via filter on the_content --><!-- AddThis Share Buttons generic via filter on the_content -->","protected":false},"excerpt":{"rendered":"<p>La asociaci\u00f3n Senderismo La V\u00eda Verde de Villanueva de la Serena realizar\u00e1 el domingo d\u00eda 7 de octubre la ruta que discurre por el sendero de la Muela, en la comarca de La Siberia extreme\u00f1a. El recorrido, pr\u00f3ximo a la localidad de Villarta de los Montes, tiene un trazado total de 11 kil\u00f3metros y la [&hellip;]<!-- AddThis Advanced Settings generic via filter on get_the_excerpt --><!-- AddThis Share Buttons generic via filter on get_the_excerpt --><\/p>\n","protected":false},"author":27,"featured_media":0,"comment_status":"open","ping_status":"closed","sticky":false,"template":"","format":"standard","meta":[],"categories":[4],"tags":[86,301,543,906,954,968],"_links":{"self":[{"href":"https:\/\/blogs.hoy.es\/senderosextremadura\/wp-json\/wp\/v2\/posts\/825"}],"collection":[{"href":"https:\/\/blogs.hoy.es\/senderosextremadura\/wp-json\/wp\/v2\/posts"}],"about":[{"href":"https:\/\/blogs.hoy.es\/senderosextremadura\/wp-json\/wp\/v2\/types\/post"}],"author":[{"embeddable":true,"href":"https:\/\/blogs.hoy.es\/senderosextremadura\/wp-json\/wp\/v2\/users\/27"}],"replies":[{"embeddable":true,"href":"https:\/\/blogs.hoy.es\/senderosextremadura\/wp-json\/wp\/v2\/comments?post=825"}],"version-history":[{"count":0,"href":"https:\/\/blogs.hoy.es\/senderosextremadura\/wp-json\/wp\/v2\/posts\/825\/revisions"}],"wp:attachment":[{"href":"https:\/\/blogs.hoy.es\/senderosextremadura\/wp-json\/wp\/v2\/media?parent=825"}],"wp:term":[{"taxonomy":"category","embeddable":true,"href":"https:\/\/blogs.hoy.es\/senderosextremadura\/wp-json\/wp\/v2\/categories?post=825"},{"taxonomy":"post_tag","embeddable":true,"href":"https:\/\/blogs.hoy.es\/senderosextremadura\/wp-json\/wp\/v2\/tags?post=825"}],"curies":[{"name":"wp","href":"https:\/\/api.w.org\/{rel}","templated":true}]}}