{"id":828,"date":"2012-12-05T21:54:03","date_gmt":"2012-12-05T21:54:03","guid":{"rendered":"http:\/\/blogs.hoy.es\/senderosextremadura\/?p=828"},"modified":"2012-12-05T21:54:03","modified_gmt":"2012-12-05T21:54:03","slug":"la-ruta-transerena-2012-recorre-los-puentes-del-rio-ortiga-4-de-noviembre","status":"publish","type":"post","link":"https:\/\/blogs.hoy.es\/senderosextremadura\/2012\/12\/05\/la-ruta-transerena-2012-recorre-los-puentes-del-rio-ortiga-4-de-noviembre\/","title":{"rendered":"Vuelve la TranSerena con la &#039;Senda de los puentes del r\u00edo Ortiga&#039; (16 de diciembre)"},"content":{"rendered":"<p style=\"text-align: center;\"><span style=\"font-size: medium;\"><a href=\"https:\/\/blogs.hoy.es\/senderosextremadura\/2012\/12\/05\/la-ruta-transerena-2012-recorre-los-puentes-del-rio-ortiga-4-de-noviembre\/rio-ortiga\/\" rel=\"attachment wp-att-831\"><img loading=\"lazy\" class=\" wp-image-831 aligncenter\" title=\"rio-ortiga\" src=\"\/senderosextremadura\/wp-content\/uploads\/sites\/22\/2012\/09\/rio-ortiga.jpg\" alt=\"\" width=\"540\" height=\"333\" srcset=\"https:\/\/static-blogs.hoy.es\/wp-content\/uploads\/sites\/22\/2012\/09\/rio-ortiga.jpg 647w, https:\/\/static-blogs.hoy.es\/wp-content\/uploads\/sites\/22\/2012\/09\/rio-ortiga-300x185.jpg 300w, https:\/\/static-blogs.hoy.es\/wp-content\/uploads\/sites\/22\/2012\/09\/rio-ortiga-600x371.jpg 600w\" sizes=\"(max-width: 540px) 100vw, 540px\" \/><\/a><\/span><\/p>\n<p>&nbsp;<\/p>\n<p><span style=\"font-size: medium;\">F. V\u00c1ZQUEZ | Despu\u00e9s del aplazamiento a causa del temporal de lluvia y viento, la denominada &#8216;senda de los puentes del r\u00edo Ortiga&#8217; ser\u00e1 el objetivo de la s\u00e9ptima edici\u00f3n de ruta senderista &#8220;Transerena 2012&#8221; que organiza el Centro de Desarrollo Rural de La Serena, &#8220;Ceder-La Serena&#8221;.<\/span><\/p>\n<div>\n<p><span style=\"font-size: medium;\">Inicialmente, la ruta estaba programada para d\u00eda 4 de noviembre, pero las condiciones meteorol\u00f3gicas aconsejaron que no se celebrara ya algunos caminos acusaron la erosi\u00f3n del agua y pod\u00edan convertirse en peligrosos para la integridad de los participantes.<\/span><\/p>\n<p><span style=\"font-size: medium;\">La organizaci\u00f3n decidi\u00f3 aplazar la iniciativa, que se desarrollar\u00e1 el domingo d\u00eda 16 de diciembre, y, adem\u00e1s, concede una nueva oportunidad a los aficionados a la modalidad que no pudieron reservar su plaza para que participen previa <a href=\"http:\/\/www.cederlaserena.es\/web\/transerena_inscripcion.php\" target=\"_blank\" rel=\"external nofollow\">inscripci\u00f3n en este enlace<\/a>.<\/span><\/p>\n<p><span style=\"font-size: medium;\">La ruta ser\u00e1 la que ya estaba programada anteriormente y se trata de un recorrido de veintitr\u00e9s kil\u00f3metros con un perfil muy asequible para todas las personas.<\/span><\/p>\n<p><span style=\"font-size: medium;\">El itinerario propuesto transcurre en casi su totalidad por ecosistemas de dehesas de centenarias encinas, destacando el valle del r\u00edo Ortiga donde \u00e9sta se hace m\u00e1s tupida.<\/span><\/p>\n<p><span style=\"font-size: medium;\">Otro de los atractivos que ofrece la denominada &#8216;senda de los puentes del r\u00edo Ortiga&#8217; es el descenso de unos dos kil\u00f3metros por la margen derecha de este r\u00edo, lo que permitir\u00e1 a los senderistas descubrir viejos molinos harineros y disfrutar del valor ecol\u00f3gico de esta zona incluida en la Red Natura 2000 y declarada &#8216;Lugar de Importancia Comunitaria (LIC)<\/span><\/p>\n<p><span style=\"font-size: medium;\">En resumen, la ruta propuesta para esta VII edici\u00f3n la ruta senderista &#8220;Transerena&#8221; constituye un recorrido que permitir\u00e1 a los caminantes disfrutar de un paseo de dificultad baja y accesible para cualquier persona.<\/span><\/p>\n<p><span style=\"font-size: medium;\">La actividad es gratuita y abierta a todos los que tengan ganas de compartir en grupo la experiencia de caminar por los maravillosos parajes de esta comarca.<\/span><\/p>\n<\/div>\n<p><span style=\"font-size: medium;\"><br \/>\n<\/span><\/p>\n<p>&nbsp;<\/p>\n<!-- AddThis Advanced Settings generic via filter on the_content --><!-- AddThis Share Buttons generic via filter on the_content -->","protected":false},"excerpt":{"rendered":"<p>&nbsp; F. V\u00c1ZQUEZ | Despu\u00e9s del aplazamiento a causa del temporal de lluvia y viento, la denominada &#8216;senda de los puentes del r\u00edo Ortiga&#8217; ser\u00e1 el objetivo de la s\u00e9ptima edici\u00f3n de ruta senderista &#8220;Transerena 2012&#8221; que organiza el Centro de Desarrollo Rural de La Serena, &#8220;Ceder-La Serena&#8221;. Inicialmente, la ruta estaba programada para d\u00eda [&hellip;]<!-- AddThis Advanced Settings generic via filter on get_the_excerpt --><!-- AddThis Share Buttons generic via filter on get_the_excerpt --><\/p>\n","protected":false},"author":27,"featured_media":0,"comment_status":"open","ping_status":"closed","sticky":false,"template":"","format":"standard","meta":[],"categories":[4],"tags":[86,270,376,906,942,962,1025],"_links":{"self":[{"href":"https:\/\/blogs.hoy.es\/senderosextremadura\/wp-json\/wp\/v2\/posts\/828"}],"collection":[{"href":"https:\/\/blogs.hoy.es\/senderosextremadura\/wp-json\/wp\/v2\/posts"}],"about":[{"href":"https:\/\/blogs.hoy.es\/senderosextremadura\/wp-json\/wp\/v2\/types\/post"}],"author":[{"embeddable":true,"href":"https:\/\/blogs.hoy.es\/senderosextremadura\/wp-json\/wp\/v2\/users\/27"}],"replies":[{"embeddable":true,"href":"https:\/\/blogs.hoy.es\/senderosextremadura\/wp-json\/wp\/v2\/comments?post=828"}],"version-history":[{"count":0,"href":"https:\/\/blogs.hoy.es\/senderosextremadura\/wp-json\/wp\/v2\/posts\/828\/revisions"}],"wp:attachment":[{"href":"https:\/\/blogs.hoy.es\/senderosextremadura\/wp-json\/wp\/v2\/media?parent=828"}],"wp:term":[{"taxonomy":"category","embeddable":true,"href":"https:\/\/blogs.hoy.es\/senderosextremadura\/wp-json\/wp\/v2\/categories?post=828"},{"taxonomy":"post_tag","embeddable":true,"href":"https:\/\/blogs.hoy.es\/senderosextremadura\/wp-json\/wp\/v2\/tags?post=828"}],"curies":[{"name":"wp","href":"https:\/\/api.w.org\/{rel}","templated":true}]}}