{"id":832,"date":"2012-09-30T22:13:31","date_gmt":"2012-09-30T22:13:31","guid":{"rendered":"http:\/\/blogs.hoy.es\/senderosextremadura\/?p=832"},"modified":"2012-09-30T22:13:31","modified_gmt":"2012-09-30T22:13:31","slug":"ruta-del-emperador-carlos-v-7-de-octubre","status":"publish","type":"post","link":"https:\/\/blogs.hoy.es\/senderosextremadura\/2012\/09\/30\/ruta-del-emperador-carlos-v-7-de-octubre\/","title":{"rendered":"Ruta del emperador Carlos V (7 de octubre)"},"content":{"rendered":"<p><a href=\"https:\/\/blogs.hoy.es\/senderosextremadura\/2012\/09\/30\/ruta-del-emperador-carlos-v-7-de-octubre\/tornavacas\/\" rel=\"attachment wp-att-833\"><img loading=\"lazy\" class=\"alignright size-full wp-image-833\" title=\"TORNAVACAS\" src=\"\/senderosextremadura\/wp-content\/uploads\/sites\/22\/2012\/09\/TORNAVACAS.jpg\" alt=\"\" width=\"360\" height=\"480\" srcset=\"https:\/\/static-blogs.hoy.es\/wp-content\/uploads\/sites\/22\/2012\/09\/TORNAVACAS.jpg 360w, https:\/\/static-blogs.hoy.es\/wp-content\/uploads\/sites\/22\/2012\/09\/TORNAVACAS-225x300.jpg 225w\" sizes=\"(max-width: 360px) 100vw, 360px\" \/><\/a><span style=\"font-size: medium;\">Para el pr\u00f3ximo domingo d\u00eda 7 de octubre, el <a href=\"http:\/\/www.clubcaminantebadajoz.com\/\" target=\"_blank\" rel=\"external nofollow\"><strong>Club del Caminante de Badajoz<\/strong><\/a> ha preparado\u00a0 una marcha senderista de las m\u00e1s cl\u00e1sicas de Extremadura. Se trata de\u00a0 la ruta del emperador Carlos V, el poderoso monarca espa\u00f1ol que acab\u00f3 sus d\u00edas de la forma m\u00e1s austera en el monasterio de Cuacos de Yuste, en plena comarca cacere\u00f1a de La Vera.\u00a0 <\/span><\/p>\n<p><span style=\"font-size: medium;\">El trayecto completo de la ruta tiene unos 26 kil\u00f3metros y discurre entre las colalidades veratas de Tornavacas y\u00a0 Jarandilla de la Vera. La dificultad es alta por los fuertes desniveles del terreno.<br \/>\n<\/span><\/p>\n<p><span style=\"font-size: medium;\">Los caminantes que participen en esta actividad con el Club del Caminante saldr\u00e1n de Badajoz a las seis de la ma\u00f1ana. El lugar de partida\u00a0 es el mismo de siempre, el ancla de Santa Marina. \u00a0Las inscripciones pueden realizarse hasta el pr\u00f3ximo jueves d\u00eda 4. El coste para los no socios es de 28 euros.<\/span><\/p>\n<p>&nbsp;<\/p>\n<p><a href=\"mailto:caminantebadajoz@gmail.com\" target=\"_blank\"><strong>ccaminantebadajoz@gmail.com<\/strong><\/a><\/p>\n<!-- AddThis Advanced Settings generic via filter on the_content --><!-- AddThis Share Buttons generic via filter on the_content -->","protected":false},"excerpt":{"rendered":"<p>Para el pr\u00f3ximo domingo d\u00eda 7 de octubre, el Club del Caminante de Badajoz ha preparado\u00a0 una marcha senderista de las m\u00e1s cl\u00e1sicas de Extremadura. Se trata de\u00a0 la ruta del emperador Carlos V, el poderoso monarca espa\u00f1ol que acab\u00f3 sus d\u00edas de la forma m\u00e1s austera en el monasterio de Cuacos de Yuste, en [&hellip;]<!-- AddThis Advanced Settings generic via filter on get_the_excerpt --><!-- AddThis Share Buttons generic via filter on get_the_excerpt --><\/p>\n","protected":false},"author":27,"featured_media":0,"comment_status":"open","ping_status":"closed","sticky":false,"template":"","format":"standard","meta":[],"categories":[3,4],"tags":[],"_links":{"self":[{"href":"https:\/\/blogs.hoy.es\/senderosextremadura\/wp-json\/wp\/v2\/posts\/832"}],"collection":[{"href":"https:\/\/blogs.hoy.es\/senderosextremadura\/wp-json\/wp\/v2\/posts"}],"about":[{"href":"https:\/\/blogs.hoy.es\/senderosextremadura\/wp-json\/wp\/v2\/types\/post"}],"author":[{"embeddable":true,"href":"https:\/\/blogs.hoy.es\/senderosextremadura\/wp-json\/wp\/v2\/users\/27"}],"replies":[{"embeddable":true,"href":"https:\/\/blogs.hoy.es\/senderosextremadura\/wp-json\/wp\/v2\/comments?post=832"}],"version-history":[{"count":0,"href":"https:\/\/blogs.hoy.es\/senderosextremadura\/wp-json\/wp\/v2\/posts\/832\/revisions"}],"wp:attachment":[{"href":"https:\/\/blogs.hoy.es\/senderosextremadura\/wp-json\/wp\/v2\/media?parent=832"}],"wp:term":[{"taxonomy":"category","embeddable":true,"href":"https:\/\/blogs.hoy.es\/senderosextremadura\/wp-json\/wp\/v2\/categories?post=832"},{"taxonomy":"post_tag","embeddable":true,"href":"https:\/\/blogs.hoy.es\/senderosextremadura\/wp-json\/wp\/v2\/tags?post=832"}],"curies":[{"name":"wp","href":"https:\/\/api.w.org\/{rel}","templated":true}]}}