{"id":835,"date":"2012-10-02T16:48:30","date_gmt":"2012-10-02T16:48:30","guid":{"rendered":"http:\/\/blogs.hoy.es\/senderosextremadura\/?p=835"},"modified":"2012-10-02T16:48:30","modified_gmt":"2012-10-02T16:48:30","slug":"ruta-costera-por-el-parque-natural-de-sintra-casais-7-de-octubre","status":"publish","type":"post","link":"https:\/\/blogs.hoy.es\/senderosextremadura\/2012\/10\/02\/ruta-costera-por-el-parque-natural-de-sintra-casais-7-de-octubre\/","title":{"rendered":"Ruta costera por el Parque Natural de Sintra-Cascais (7 de octubre)"},"content":{"rendered":"<p><a href=\"https:\/\/blogs.hoy.es\/senderosextremadura\/2012\/10\/02\/ruta-costera-por-el-parque-natural-de-sintra-casais-7-de-octubre\/sintra-ruta\/\" rel=\"attachment wp-att-836\"><img loading=\"lazy\" class=\"aligncenter size-large wp-image-836\" title=\"sintra-ruta\" src=\"\/senderosextremadura\/wp-content\/uploads\/sites\/22\/2012\/10\/sintra-ruta.jpg\" alt=\"\" width=\"600\" height=\"420\" srcset=\"https:\/\/static-blogs.hoy.es\/wp-content\/uploads\/sites\/22\/2012\/10\/sintra-ruta.jpg 1000w, https:\/\/static-blogs.hoy.es\/wp-content\/uploads\/sites\/22\/2012\/10\/sintra-ruta-300x210.jpg 300w, https:\/\/static-blogs.hoy.es\/wp-content\/uploads\/sites\/22\/2012\/10\/sintra-ruta-768x538.jpg 768w, https:\/\/static-blogs.hoy.es\/wp-content\/uploads\/sites\/22\/2012\/10\/sintra-ruta-600x420.jpg 600w\" sizes=\"(max-width: 600px) 100vw, 600px\" \/><\/a><\/p>\n<p>Explorer viaja de nuevo a la costa portuguesa. Si te quedaste con ganas de caminar junto al mar, este fin de semana ha programado una ruta por el <strong><a href=\"http:\/\/www.guiadacidade.pt\/es\/poi-parque-natural-sintra-cascais-16300\" target=\"_blank\" rel=\"external nofollow\">Parque Natural de Sintra-Cascais<\/a>.<\/strong> Los caminantes har\u00e1n una ruta de 15 kil\u00f3metros de dificultad media.<\/p>\n<p>El Paque Natural cubre una zona paralela a la l\u00ednea litoral que se extiende desde la \u00abCidadela\u00bb de Cascais hasta la desembocadura del R\u00edo \u00abFalc\u00e3o\u00bb, a la Sierra\u00a0de Sintra y a la zona agr\u00edcola hacia el norte de \u00abV\u00e1rzea de Colares\u00bb teniendo como principal objetivo salvaguardar los recursos naturales y paisaj\u00edsticos, como por ejemplo, en lo que se refiere a sus aspectos flor\u00edsticos y faun\u00edsticos. El\u00a0parque est\u00e1\u00a0dividido en dos zonas distintas: la zona agr\u00edcola que produce sobretodo fruta\u00a0y vino, y la zona costera, con playas, escarpas y dunas.<\/p>\n<p>SALIDA: 08,00h desde Badajoz (Traseras de Eroski)<br \/>\nREGRESO: 18,00h Malveira da Serra (Portugal)<\/p>\n<p>PRECIO: 20 euros (Pago con Tarjeta Bancaria o Transferencia)<br \/>\nINCLUYE: Traslados ida \/ vuelta, gu\u00edas acompa\u00f1antes y seguros<\/p>\n<p>DATOS BANCARIOS<br \/>\nBanco Sabadell<br \/>\n0081 &#8211; 7850 &#8211; 34 &#8211; 0001206625<br \/>\nConcepto: Nombre y Apellidos<\/p>\n<p>INFORMACI\u00d3N y RESERVAS<br \/>\nEXPLORER. C\/ Santo Domingo, 49. Tlf: 924 25 15 16<br \/>\nEXPLORER. C\/ Santo Domingo, 72. Tlf: 924 24 25 85<br \/>\nWebsite: http:\/\/www.zonaexplorer.com\/<br \/>\nE-mail: actividades@zonaexplorer.com<\/p>\n<!-- AddThis Advanced Settings generic via filter on the_content --><!-- AddThis Share Buttons generic via filter on the_content -->","protected":false},"excerpt":{"rendered":"<p>Explorer viaja de nuevo a la costa portuguesa. Si te quedaste con ganas de caminar junto al mar, este fin de semana ha programado una ruta por el Parque Natural de Sintra-Cascais. Los caminantes har\u00e1n una ruta de 15 kil\u00f3metros de dificultad media. El Paque Natural cubre una zona paralela a la l\u00ednea litoral que [&hellip;]<!-- AddThis Advanced Settings generic via filter on get_the_excerpt --><!-- AddThis Share Buttons generic via filter on get_the_excerpt --><\/p>\n","protected":false},"author":27,"featured_media":0,"comment_status":"open","ping_status":"closed","sticky":false,"template":"","format":"standard","meta":[],"categories":[4],"tags":[86,299,549,602,713,906,942],"_links":{"self":[{"href":"https:\/\/blogs.hoy.es\/senderosextremadura\/wp-json\/wp\/v2\/posts\/835"}],"collection":[{"href":"https:\/\/blogs.hoy.es\/senderosextremadura\/wp-json\/wp\/v2\/posts"}],"about":[{"href":"https:\/\/blogs.hoy.es\/senderosextremadura\/wp-json\/wp\/v2\/types\/post"}],"author":[{"embeddable":true,"href":"https:\/\/blogs.hoy.es\/senderosextremadura\/wp-json\/wp\/v2\/users\/27"}],"replies":[{"embeddable":true,"href":"https:\/\/blogs.hoy.es\/senderosextremadura\/wp-json\/wp\/v2\/comments?post=835"}],"version-history":[{"count":0,"href":"https:\/\/blogs.hoy.es\/senderosextremadura\/wp-json\/wp\/v2\/posts\/835\/revisions"}],"wp:attachment":[{"href":"https:\/\/blogs.hoy.es\/senderosextremadura\/wp-json\/wp\/v2\/media?parent=835"}],"wp:term":[{"taxonomy":"category","embeddable":true,"href":"https:\/\/blogs.hoy.es\/senderosextremadura\/wp-json\/wp\/v2\/categories?post=835"},{"taxonomy":"post_tag","embeddable":true,"href":"https:\/\/blogs.hoy.es\/senderosextremadura\/wp-json\/wp\/v2\/tags?post=835"}],"curies":[{"name":"wp","href":"https:\/\/api.w.org\/{rel}","templated":true}]}}