{"id":862,"date":"2012-10-08T15:34:54","date_gmt":"2012-10-08T15:34:54","guid":{"rendered":"http:\/\/blogs.hoy.es\/senderosextremadura\/?p=862"},"modified":"2012-10-08T15:34:54","modified_gmt":"2012-10-08T15:34:54","slug":"del-castillo-de-la-culebra-al-balneario-de-alange-galeria","status":"publish","type":"post","link":"https:\/\/blogs.hoy.es\/senderosextremadura\/2012\/10\/08\/del-castillo-de-la-culebra-al-balneario-de-alange-galeria\/","title":{"rendered":"Del castillo de la Culebra al balneario de Alange (Galer\u00eda)"},"content":{"rendered":"<p style=\"text-align: center;\"><a href=\"https:\/\/blogs.hoy.es\/senderosextremadura\/2012\/10\/08\/del-castillo-de-la-culebra-al-balneario-de-alange-galeria\/alange-cima\/\" rel=\"attachment wp-att-863\"><img loading=\"lazy\" class=\"aligncenter  wp-image-863\" title=\"alange-cima\" src=\"\/senderosextremadura\/wp-content\/uploads\/sites\/22\/2012\/10\/alange-cima.jpg\" alt=\"\" width=\"682\" height=\"341\" srcset=\"https:\/\/static-blogs.hoy.es\/wp-content\/uploads\/sites\/22\/2012\/10\/alange-cima.jpg 800w, https:\/\/static-blogs.hoy.es\/wp-content\/uploads\/sites\/22\/2012\/10\/alange-cima-300x150.jpg 300w, https:\/\/static-blogs.hoy.es\/wp-content\/uploads\/sites\/22\/2012\/10\/alange-cima-768x384.jpg 768w, https:\/\/static-blogs.hoy.es\/wp-content\/uploads\/sites\/22\/2012\/10\/alange-cima-600x300.jpg 600w\" sizes=\"(max-width: 682px) 100vw, 682px\" \/><\/a><\/p>\n<p><span style=\"font-size: medium;\">Los miembros de la <a href=\"http:\/\/patadelbuey.blogspot.com.es\/2012\/10\/experiencia-encantos-de-alange-2012.html?spref=fb\" target=\"_blank\" rel=\"external nofollow\"><strong>Asociaci\u00f3n Senderista Pata de Buey<\/strong><\/a> ejercieron este domingo de magn\u00edficos anfitriones de su localidad,\u00a0 Alange. Solo un d\u00eda despu\u00e9s, el club ha recibido numerosas felicitaciones por la estupenda organizaci\u00f3n de la marcha de unos diez kil\u00f3metros por <strong>&#8216;Los encantos de Alange&#8217;<\/strong>. Visitantes y lugare\u00f1os recorrieron las principales calles del municipio pacense en una soleada ma\u00f1ana de domingo. La actividad arranc\u00f3 pasadas las nueve y media con la subida al <strong>castillo de la Culebra<\/strong>, fundado en el siglo IX por los \u00e1rabes. Despu\u00e9s de disfrutar de impresionantes vistas sobre el embalse, los caminantes prosiguieron la ruta por los alrededores del municipio para regresar al casco urbano y adentrarse al final en las <strong>termas romanas del balneario<\/strong>, un remanso de paz y salud declarado Patrimonio de la Humanidad. La marcha termin\u00f3 en la Plaza de Espa\u00f1a, donde los miembros de la Asociaci\u00f3n Pata de Buey desplegaron toda su amabilidad invitando a los visitantes a una comida con una gran variedad de dulces caseros de postre. La ruta, en la que participaron unas 320 personas, termin\u00f3 con una fiesta.<\/span><\/p>\n<p>Aqu\u00ed puedes ver un <a href=\"http:\/\/www.hoy.es\/multimedia\/fotos\/ultimos\/107879-ruta-encantos-alange-0.html\" target=\"_blank\" rel=\"external nofollow\"><strong>resumen en im\u00e1genes de la ruta.<\/strong><\/a><\/p>\n<p>&nbsp;<\/p>\n<p>\u00c1NGELA MURILLO<\/p>\n<p style=\"text-align: center;\"><a href=\"https:\/\/blogs.hoy.es\/senderosextremadura\/2012\/10\/08\/del-castillo-de-la-culebra-al-balneario-de-alange-galeria\/jacha\/\" rel=\"attachment wp-att-865\"><img loading=\"lazy\" class=\"aligncenter  wp-image-865\" title=\"jacha\" src=\"\/senderosextremadura\/wp-content\/uploads\/sites\/22\/2012\/10\/jacha.jpg\" alt=\"\" width=\"668\" height=\"334\" srcset=\"https:\/\/static-blogs.hoy.es\/wp-content\/uploads\/sites\/22\/2012\/10\/jacha.jpg 800w, https:\/\/static-blogs.hoy.es\/wp-content\/uploads\/sites\/22\/2012\/10\/jacha-300x150.jpg 300w, https:\/\/static-blogs.hoy.es\/wp-content\/uploads\/sites\/22\/2012\/10\/jacha-768x384.jpg 768w, https:\/\/static-blogs.hoy.es\/wp-content\/uploads\/sites\/22\/2012\/10\/jacha-600x300.jpg 600w\" sizes=\"(max-width: 668px) 100vw, 668px\" \/><\/a><\/p>\n<p>&nbsp;<\/p>\n<!-- AddThis Advanced Settings generic via filter on the_content --><!-- AddThis Share Buttons generic via filter on the_content -->","protected":false},"excerpt":{"rendered":"<p>Los miembros de la Asociaci\u00f3n Senderista Pata de Buey ejercieron este domingo de magn\u00edficos anfitriones de su localidad,\u00a0 Alange. Solo un d\u00eda despu\u00e9s, el club ha recibido numerosas felicitaciones por la estupenda organizaci\u00f3n de la marcha de unos diez kil\u00f3metros por &#8216;Los encantos de Alange&#8217;. Visitantes y lugare\u00f1os recorrieron las principales calles del municipio pacense [&hellip;]<!-- AddThis Advanced Settings generic via filter on get_the_excerpt --><!-- AddThis Share Buttons generic via filter on get_the_excerpt --><\/p>\n","protected":false},"author":27,"featured_media":0,"comment_status":"open","ping_status":"closed","sticky":false,"template":"","format":"standard","meta":[],"categories":[3,4],"tags":[20,301,321,332,713,906,942],"_links":{"self":[{"href":"https:\/\/blogs.hoy.es\/senderosextremadura\/wp-json\/wp\/v2\/posts\/862"}],"collection":[{"href":"https:\/\/blogs.hoy.es\/senderosextremadura\/wp-json\/wp\/v2\/posts"}],"about":[{"href":"https:\/\/blogs.hoy.es\/senderosextremadura\/wp-json\/wp\/v2\/types\/post"}],"author":[{"embeddable":true,"href":"https:\/\/blogs.hoy.es\/senderosextremadura\/wp-json\/wp\/v2\/users\/27"}],"replies":[{"embeddable":true,"href":"https:\/\/blogs.hoy.es\/senderosextremadura\/wp-json\/wp\/v2\/comments?post=862"}],"version-history":[{"count":0,"href":"https:\/\/blogs.hoy.es\/senderosextremadura\/wp-json\/wp\/v2\/posts\/862\/revisions"}],"wp:attachment":[{"href":"https:\/\/blogs.hoy.es\/senderosextremadura\/wp-json\/wp\/v2\/media?parent=862"}],"wp:term":[{"taxonomy":"category","embeddable":true,"href":"https:\/\/blogs.hoy.es\/senderosextremadura\/wp-json\/wp\/v2\/categories?post=862"},{"taxonomy":"post_tag","embeddable":true,"href":"https:\/\/blogs.hoy.es\/senderosextremadura\/wp-json\/wp\/v2\/tags?post=862"}],"curies":[{"name":"wp","href":"https:\/\/api.w.org\/{rel}","templated":true}]}}