{"id":89,"date":"2012-03-05T11:37:47","date_gmt":"2012-03-05T11:37:47","guid":{"rendered":"http:\/\/blogs.hoy.es\/senderosextremadura\/?p=89"},"modified":"2012-03-05T11:37:47","modified_gmt":"2012-03-05T11:37:47","slug":"1-500-senderistas-disfrutaron-de-la-ruta-penas-blancas","status":"publish","type":"post","link":"https:\/\/blogs.hoy.es\/senderosextremadura\/2012\/03\/05\/1-500-senderistas-disfrutaron-de-la-ruta-penas-blancas\/","title":{"rendered":"1.500 senderistas disfrutaron de la Ruta Pe\u00f1as Blancas"},"content":{"rendered":"<pre><\/pre>\n<h2><strong><a href=\"\/senderosextremadura\/wp-content\/uploads\/sites\/22\/2012\/03\/salidas2.jpg\"><img loading=\"lazy\" class=\"alignleft size-medium wp-image-94\" title=\"\" src=\"\/senderosextremadura\/wp-content\/uploads\/sites\/22\/2012\/03\/salidas2.jpg\" alt=\"\" width=\"300\" height=\"216\" \/><\/a>La Zarza nos recib\u00eda a las 8.30 de la ma\u00f1ana con cielos nublados, m\u00fasica extreme\u00f1a y unas deliciosas rosquillas para endulzar la salida. Hasta la localidad pacense (de 3.600 habitantes y a 26 kil\u00f3metros de M\u00e9rida) llegaban este domingo 1.500 senderistas de toda Extremadura, atra\u00eddos un a\u00f1o m\u00e1s por la belleza de su <a href=\"http:\/\/www.hoy.es\/multimedia\/fotos\/ultimos\/93805-ruta-senderista-penas-blancas-zarza-0.html\" rel=\"external nofollow\">ruta &#8216;Pe\u00f1as Blancas&#8217;<\/a> (<a href=\"http:\/\/www.hoy.es\/multimedia\/fotos\/ultimos\/93805-exito-viii-ruta-senderista-penas-blancas-zarza-0.html\" rel=\"external nofollow\">GALER\u00cdA DE FOTOS<\/a>), una de las m\u00e1s concurridas del <a href=\"https:\/\/blogs.hoy.es\/senderosextremadura\/2012\/02\/23\/calendario-del-circuito-extremeno-de-rutas-senderistas\/\">Circuito Extreme\u00f1o de Rutas Senderistas<\/a>. En colas divididas por orden alfab\u00e9tico, fuimos recogiendo las pulseras naranjas que daban derecho al avituallamiento durante el camino y a la espl\u00e9ndida paella posterior.\u00a0 La marcha arrancaba del centro del municipio pasadas las nueve de la ma\u00f1ana. Una interminable marea senderista, en la que se ve\u00edan algunos ni\u00f1os, se estiraba coloreando las calles del municipio hasta tomar el camino que asciende por la ladera de la sierra Pe\u00f1as Blancas, a una altitud de 530 metros.<\/strong><\/h2>\n<p><img loading=\"lazy\" class=\"alignright size-medium wp-image-95\" title=\"\" src=\"\/senderosextremadura\/wp-content\/uploads\/sites\/22\/2012\/03\/penas-blancas.jpg\" alt=\"\" width=\"300\" height=\"194\" \/><\/p>\n<h2><strong>La ruta (PR-BA 47) est\u00e1 perfectamente se\u00f1alizada por el\u00a0<a href=\"http:\/\/www.sendezarza.com\/\" rel=\"external nofollow\">Club de Senderismo Pe\u00f1as Blancas<\/a>\u00a0y el\u00a0Ayuntamiento de La Zarza; por lo que ha obtenido la homologaci\u00f3n dela Federaci\u00f3n Extreme\u00f1a de Monta\u00f1a y Escalada (FEXME). Las marcas blancas y amarillas en el camino, y la presencia de miembros de la organizaci\u00f3n y Protecci\u00f3n Civil, no dejaban margen a confusi\u00f3n alguna.<\/strong><\/h2>\n<h2><strong>El tramo m\u00e1s duro se encuentra precisamente aqu\u00ed, en los dos primeros kil\u00f3metros. El angosto y estrecho sendero est\u00e1 lleno de piedras y se hace dif\u00edcil avanzar entre centenares de personas. Como recompensa a este primer esfuerzo disfrutamos \u00a0del \u2018tesoro\u2019 arqueol\u00f3gico del abrigo de La Calderita, unas paredes rocosas repletas de\u00a0pinturas rupestres, declaradas\u00a0Bien de Inter\u00e9s Cultural.<\/strong><\/h2>\n<h2><strong>Tras las pinturas esquem\u00e1ticas, lleg\u00e1bamos al punto m\u00e1s alto, una cima con impresionantes vistas panor\u00e1micas sobre el embalse de Alange, su ZEPA y los olivares que bordean La Zarza. Hacemos unas fotos y seguimos un par de kil\u00f3metros despu\u00e9s para coronar el Puerto de Las Hoyas y emprender el descenso por unas laderas y hondonadas llenas de olivares, con terrenos separados por antiguos muros de adobe y piedra, disfrutando de los almendros, ya en flor.<\/strong><\/h2>\n<p><img loading=\"lazy\" class=\"alignright size-medium wp-image-93\" title=\"OLYMPUS DIGITAL CAMERA\" src=\"\/senderosextremadura\/wp-content\/uploads\/sites\/22\/2012\/03\/ruteros.jpg\" alt=\"\" width=\"300\" height=\"255\" \/><\/p>\n<h2><strong>Tras el primer avituallamiento, y las fotograf\u00edas de rigor con el simp\u00e1tico burro ataviado con un peto de Cruz Roja, avanzamos hasta adentrarnos en el tupido pinar de los Valencines, para volver a subir otra sierra, la de Juan Bueno. <\/strong><\/h2>\n<h2><strong>Pasadas ya las mayores dificultades de la ruta, nos esperaba otro punto de avituallamiento con agua y naranjas. Aprovechamos para sentarnos en unas piedras y dar alg\u00fan bocado al bocadillo guardado en nuestras mochilas. Tomamos ahora un camino llano y ancho hasta llegar al impresionante paisaje lunar de la Mina de Tierrablanca, un enorme yacimiento a cielo abierto de caol\u00edn o pizarra seric\u00edtica, de especial trascendencia para la identidad de los zarce\u00f1os.<\/strong><\/h2>\n<h2><strong><a href=\"\/senderosextremadura\/wp-content\/uploads\/sites\/22\/2012\/03\/descanso2.jpg\"><img loading=\"lazy\" class=\"alignleft size-medium wp-image-98\" title=\"Senderistas de Quintana.\" src=\"\/senderosextremadura\/wp-content\/uploads\/sites\/22\/2012\/03\/descanso2.jpg\" alt=\"\" width=\"300\" height=\"242\" \/><\/a>Tres kil\u00f3metros despu\u00e9s,\u00a0<\/strong><strong>llegamos a La Zarza y recorremos las calles con m\u00e1s historia hasta cruzar la meta final de la ruta de 18 kil\u00f3metros, la nave donde nos espera una rica paella cocinada por vecinos del pueblo y amenizada con un Dj. Rematamos el d\u00eda con un caf\u00e9 en una soleada terraza acompa\u00f1ado con los deliciosos\u00a0<\/strong><strong>hojaldres de la pasteler\u00eda Mauro.\u00a0<\/strong><\/h2>\n<pre>\u00c1NGELA MURILLO<\/pre>\n<p>&nbsp;<\/p>\n<p><strong>ENVIAR FOTOS: \u00a0<a href=\"mailto:senderismoextremadurahoy@gmail.com\">senderismoextremadurahoy@gmail.com<\/a>\u00a0<\/strong><\/p>\n<p><strong>SE SUBIR\u00c1N A NUESTRA <a href=\"http:\/\/www.hoy.es\/multimedia\/fotos\/ultimos\/93805-ruta-senderista-penas-blancas-zarza-0.html\" rel=\"external nofollow\">GALER\u00cdA DE IM\u00c1GENES<\/a><\/strong><\/p>\n<!-- AddThis Advanced Settings generic via filter on the_content --><!-- AddThis Share Buttons generic via filter on the_content -->","protected":false},"excerpt":{"rendered":"<p>La Zarza nos recib\u00eda a las 8.30 de la ma\u00f1ana con cielos nublados, m\u00fasica extreme\u00f1a y unas deliciosas rosquillas para endulzar la salida. Hasta la localidad pacense (de 3.600 habitantes y a 26 kil\u00f3metros de M\u00e9rida) llegaban este domingo 1.500 senderistas de toda Extremadura, atra\u00eddos un a\u00f1o m\u00e1s por la belleza de su ruta &#8216;Pe\u00f1as [&hellip;]<!-- AddThis Advanced Settings generic via filter on get_the_excerpt --><!-- AddThis Share Buttons generic via filter on get_the_excerpt --><\/p>\n","protected":false},"author":27,"featured_media":0,"comment_status":"open","ping_status":"closed","sticky":false,"template":"","format":"standard","meta":[],"categories":[3],"tags":[20,86,103,301,619,792,906,944,1116],"_links":{"self":[{"href":"https:\/\/blogs.hoy.es\/senderosextremadura\/wp-json\/wp\/v2\/posts\/89"}],"collection":[{"href":"https:\/\/blogs.hoy.es\/senderosextremadura\/wp-json\/wp\/v2\/posts"}],"about":[{"href":"https:\/\/blogs.hoy.es\/senderosextremadura\/wp-json\/wp\/v2\/types\/post"}],"author":[{"embeddable":true,"href":"https:\/\/blogs.hoy.es\/senderosextremadura\/wp-json\/wp\/v2\/users\/27"}],"replies":[{"embeddable":true,"href":"https:\/\/blogs.hoy.es\/senderosextremadura\/wp-json\/wp\/v2\/comments?post=89"}],"version-history":[{"count":0,"href":"https:\/\/blogs.hoy.es\/senderosextremadura\/wp-json\/wp\/v2\/posts\/89\/revisions"}],"wp:attachment":[{"href":"https:\/\/blogs.hoy.es\/senderosextremadura\/wp-json\/wp\/v2\/media?parent=89"}],"wp:term":[{"taxonomy":"category","embeddable":true,"href":"https:\/\/blogs.hoy.es\/senderosextremadura\/wp-json\/wp\/v2\/categories?post=89"},{"taxonomy":"post_tag","embeddable":true,"href":"https:\/\/blogs.hoy.es\/senderosextremadura\/wp-json\/wp\/v2\/tags?post=89"}],"curies":[{"name":"wp","href":"https:\/\/api.w.org\/{rel}","templated":true}]}}