{"id":9,"date":"2012-02-23T12:08:01","date_gmt":"2012-02-23T12:08:01","guid":{"rendered":"http:\/\/blogs.hoy.es\/senderosextremadura\/?p=9"},"modified":"2012-02-23T12:08:01","modified_gmt":"2012-02-23T12:08:01","slug":"te-proponemos-la-subida-a-la-sierra-de-alor","status":"publish","type":"post","link":"https:\/\/blogs.hoy.es\/senderosextremadura\/2012\/02\/23\/te-proponemos-la-subida-a-la-sierra-de-alor\/","title":{"rendered":"Subida a la Sierra de Alor (Olivenza, 26 de febrero)"},"content":{"rendered":"<h2><a href=\"\/senderosextremadura\/wp-content\/uploads\/sites\/22\/2012\/02\/alor.jpg\"><img loading=\"lazy\" class=\"alignleft size-medium wp-image-10\" title=\"alor\" src=\"\/senderosextremadura\/wp-content\/uploads\/sites\/22\/2012\/02\/alor.jpg\" alt=\"\" width=\"486\" height=\"225\" \/><\/a>La primera ruta que proponemos en Senderos de Extremadura es la <strong>&#8216;Subida a la Sierra de Alor<\/strong>&#8216;. El domingo 26 de febrero los amanantes del paisaje extreme\u00f1o tienen una cita en los parajes pr\u00f3ximos a <a href=\"http:\/\/www.ayuntamientodeolivenza.com\/\" rel=\"external nofollow\"><strong>Olivenza<\/strong><\/a>. La marcha (de unos 22 kil\u00f3metros en total) arrancar\u00e1 a las 9.30 de la ma\u00f1ana en la Plaza de Espa\u00f1a de la localidad fronteriza.<\/h2>\n<h2>La Sierra de Alor pertenecen a la comarca de los Llanos de Olivenza, situada al sur de la capital pacense lim\u00edtrofe con las dehesas de Jerez y a muy poca distancia de la vecina regi\u00f3n portuguesa de Alentejo. Las \u00e9pocas recomendables para realizar esta ruta son oto\u00f1o, invierno y primavera, y su dificultad es baja.\u00a0 Los caminos son buenos, estar\u00e1n se\u00f1alizados y balizados. La subida a la sierra es c\u00f3moda. Se recomienda calzado c\u00f3modo, ropa adecuada a la actividad, bastones, una mochila con agua y algo de comer. La m\u00e1xima temperatura prevista es de 18\u00baC.<\/h2>\n<h2>Una vez coronada la cima, se bajar\u00e1 a visitar la pedan\u00eda de San Jorge de Alor, situada en el km 16 de la ruta donde estar\u00e1 situado un avituallamiento con frutas y l\u00edquido para reponer fuerzas y regresar al punto de partida. La comida de convivencia tendr\u00e1 lugar en el campo de f\u00fatbol de c\u00e9sped artificial y comenzar\u00e1 a las 15 horas.<\/h2>\n<h2>El precio de inscripci\u00f3n son 5 euros e incluye avituallamiento, camiseta y bolsa de regalo para los 250 inscritos, adem\u00e1s de la comida al finalizar la caminata.<\/h2>\n<h2>Esta actividad forma parte del <strong>Circuito de Rutas Senderistas de Extremadura<\/strong>. Est\u00e1 organizada por el Club Vila Raiders y por el Ayuntamiento de Olivenza, con la colaboraci\u00f3n de la <a href=\"http:\/\/www.fexme.com\/portal\/\" rel=\"external nofollow\"><strong>FEXME<\/strong><\/a> y la Direcci\u00f3n General de Deportes de la Junta de Extremadura. Puedes encontrar m\u00e1s informaci\u00f3n en la web <a href=\"http:\/\/www.vilaraiders.es\" rel=\"external nofollow\"><strong>www.vilaraiders.es<\/strong><\/a>. Contacto <a href=\"mailto:info@vilaraider.es\"><strong>info@vilaraider.es<\/strong><\/a><\/h2>\n<h2>Seg\u00fan informan desde la organizaci\u00f3n, las incripciones ya est\u00e1n completas, con un total de 450 participantes.<\/h2>\n<!-- AddThis Advanced Settings generic via filter on the_content --><!-- AddThis Share Buttons generic via filter on the_content -->","protected":false},"excerpt":{"rendered":"<p>La primera ruta que proponemos en Senderos de Extremadura es la &#8216;Subida a la Sierra de Alor&#8216;. El domingo 26 de febrero los amanantes del paisaje extreme\u00f1o tienen una cita en los parajes pr\u00f3ximos a Olivenza. La marcha (de unos 22 kil\u00f3metros en total) arrancar\u00e1 a las 9.30 de la ma\u00f1ana en la Plaza de [&hellip;]<!-- AddThis Advanced Settings generic via filter on get_the_excerpt --><!-- AddThis Share Buttons generic via filter on get_the_excerpt --><\/p>\n","protected":false},"author":27,"featured_media":0,"comment_status":"open","ping_status":"closed","sticky":false,"template":"","format":"standard","meta":[],"categories":[4],"tags":[42,253,301,310,551,587,713,906,970,1039],"_links":{"self":[{"href":"https:\/\/blogs.hoy.es\/senderosextremadura\/wp-json\/wp\/v2\/posts\/9"}],"collection":[{"href":"https:\/\/blogs.hoy.es\/senderosextremadura\/wp-json\/wp\/v2\/posts"}],"about":[{"href":"https:\/\/blogs.hoy.es\/senderosextremadura\/wp-json\/wp\/v2\/types\/post"}],"author":[{"embeddable":true,"href":"https:\/\/blogs.hoy.es\/senderosextremadura\/wp-json\/wp\/v2\/users\/27"}],"replies":[{"embeddable":true,"href":"https:\/\/blogs.hoy.es\/senderosextremadura\/wp-json\/wp\/v2\/comments?post=9"}],"version-history":[{"count":0,"href":"https:\/\/blogs.hoy.es\/senderosextremadura\/wp-json\/wp\/v2\/posts\/9\/revisions"}],"wp:attachment":[{"href":"https:\/\/blogs.hoy.es\/senderosextremadura\/wp-json\/wp\/v2\/media?parent=9"}],"wp:term":[{"taxonomy":"category","embeddable":true,"href":"https:\/\/blogs.hoy.es\/senderosextremadura\/wp-json\/wp\/v2\/categories?post=9"},{"taxonomy":"post_tag","embeddable":true,"href":"https:\/\/blogs.hoy.es\/senderosextremadura\/wp-json\/wp\/v2\/tags?post=9"}],"curies":[{"name":"wp","href":"https:\/\/api.w.org\/{rel}","templated":true}]}}