{"id":904,"date":"2012-10-17T00:04:00","date_gmt":"2012-10-17T00:04:00","guid":{"rendered":"http:\/\/blogs.hoy.es\/senderosextremadura\/?p=904"},"modified":"2012-10-17T00:04:00","modified_gmt":"2012-10-17T00:04:00","slug":"ruta-albala-montanchez-torre-santa-maria-galeria","status":"publish","type":"post","link":"https:\/\/blogs.hoy.es\/senderosextremadura\/2012\/10\/17\/ruta-albala-montanchez-torre-santa-maria-galeria\/","title":{"rendered":"Ruta Albal\u00e1-Mont\u00e1nchez-Torre Santa Mar\u00eda (Galer\u00eda)"},"content":{"rendered":"<p><span style=\"font-size: medium;\"><strong><a href=\"https:\/\/blogs.hoy.es\/senderosextremadura\/2012\/10\/17\/ruta-albala-montanchez-torre-santa-maria-galeria\/almoharin\/\" rel=\"attachment wp-att-905\"><img loading=\"lazy\" class=\"aligncenter size-full wp-image-905\" title=\"almoharin\" src=\"\/senderosextremadura\/wp-content\/uploads\/sites\/22\/2012\/10\/almoharin.jpg\" alt=\"\" width=\"400\" height=\"300\" srcset=\"https:\/\/static-blogs.hoy.es\/wp-content\/uploads\/sites\/22\/2012\/10\/almoharin.jpg 400w, https:\/\/static-blogs.hoy.es\/wp-content\/uploads\/sites\/22\/2012\/10\/almoharin-300x225.jpg 300w\" sizes=\"(max-width: 400px) 100vw, 400px\" \/><\/a><\/strong><\/span><\/p>\n<p><span style=\"font-size: medium;\"><strong>Senderistas de Almohar\u00edn<\/strong> realizaron el pasado d\u00eda 12 la ruta <strong>Albal\u00e1-Mont\u00e1nchez-Torre de Santa Mar\u00eda<\/strong>. Se trata de\u00a0 una <strong>marcha circular de 17 kil\u00f3metros<\/strong> que parte desde la piscina de Albal\u00e1, en direcci\u00f3n a Mont\u00e1nchez para bordear la localidad cacere\u00f1a hasta el <strong>nacimiento del r\u00edo Salor<\/strong>, y de ah\u00ed bajando por el camino de Torre de Santa Mar\u00eda. Los participantes continuaron despu\u00e9s por la Dehesa boyal de Albal\u00e1 para volver al municipio.\u00a0 Despu\u00e9s de unas cinco horas de caminatas, con paradas incluidas, quieren compartir con todos los lectores de Senderos los paisajes que disfrutaron. <a href=\"http:\/\/www.hoy.es\/multimedia\/fotos\/ultimos\/108330-ruta-albalamontancheztorre-santa-maria-0.html\" rel=\"external nofollow\"><strong>GALER\u00cdA DE FOTOS<\/strong> <\/a><\/span><\/p>\n<!-- AddThis Advanced Settings generic via filter on the_content --><!-- AddThis Share Buttons generic via filter on the_content -->","protected":false},"excerpt":{"rendered":"<p>Senderistas de Almohar\u00edn realizaron el pasado d\u00eda 12 la ruta Albal\u00e1-Mont\u00e1nchez-Torre de Santa Mar\u00eda. Se trata de\u00a0 una marcha circular de 17 kil\u00f3metros que parte desde la piscina de Albal\u00e1, en direcci\u00f3n a Mont\u00e1nchez para bordear la localidad cacere\u00f1a hasta el nacimiento del r\u00edo Salor, y de ah\u00ed bajando por el camino de Torre de [&hellip;]<!-- AddThis Advanced Settings generic via filter on get_the_excerpt --><!-- AddThis Share Buttons generic via filter on get_the_excerpt --><\/p>\n","protected":false},"author":27,"featured_media":0,"comment_status":"open","ping_status":"closed","sticky":false,"template":"","format":"standard","meta":[],"categories":[4],"tags":[21,41,121,301,480,522,692,792,880,906,942],"_links":{"self":[{"href":"https:\/\/blogs.hoy.es\/senderosextremadura\/wp-json\/wp\/v2\/posts\/904"}],"collection":[{"href":"https:\/\/blogs.hoy.es\/senderosextremadura\/wp-json\/wp\/v2\/posts"}],"about":[{"href":"https:\/\/blogs.hoy.es\/senderosextremadura\/wp-json\/wp\/v2\/types\/post"}],"author":[{"embeddable":true,"href":"https:\/\/blogs.hoy.es\/senderosextremadura\/wp-json\/wp\/v2\/users\/27"}],"replies":[{"embeddable":true,"href":"https:\/\/blogs.hoy.es\/senderosextremadura\/wp-json\/wp\/v2\/comments?post=904"}],"version-history":[{"count":0,"href":"https:\/\/blogs.hoy.es\/senderosextremadura\/wp-json\/wp\/v2\/posts\/904\/revisions"}],"wp:attachment":[{"href":"https:\/\/blogs.hoy.es\/senderosextremadura\/wp-json\/wp\/v2\/media?parent=904"}],"wp:term":[{"taxonomy":"category","embeddable":true,"href":"https:\/\/blogs.hoy.es\/senderosextremadura\/wp-json\/wp\/v2\/categories?post=904"},{"taxonomy":"post_tag","embeddable":true,"href":"https:\/\/blogs.hoy.es\/senderosextremadura\/wp-json\/wp\/v2\/tags?post=904"}],"curies":[{"name":"wp","href":"https:\/\/api.w.org\/{rel}","templated":true}]}}