{"id":908,"date":"2012-10-17T18:46:43","date_gmt":"2012-10-17T18:46:43","guid":{"rendered":"http:\/\/blogs.hoy.es\/senderosextremadura\/?p=908"},"modified":"2012-10-17T18:46:43","modified_gmt":"2012-10-17T18:46:43","slug":"mas-de-cien-kilometros-de-caminos-a-guadalupe-seran-senalizados","status":"publish","type":"post","link":"https:\/\/blogs.hoy.es\/senderosextremadura\/2012\/10\/17\/mas-de-cien-kilometros-de-caminos-a-guadalupe-seran-senalizados\/","title":{"rendered":"M\u00e1s de cien kil\u00f3metros de caminos a Guadalupe ser\u00e1n se\u00f1alizados"},"content":{"rendered":"<p><a href=\"https:\/\/blogs.hoy.es\/senderosextremadura\/2012\/10\/17\/mas-de-cien-kilometros-de-caminos-a-guadalupe-seran-senalizados\/villuercas-4\/\" rel=\"attachment wp-att-909\"><img loading=\"lazy\" class=\"aligncenter size-large wp-image-909\" title=\"villuercas\" src=\"\/senderosextremadura\/wp-content\/uploads\/sites\/22\/2012\/10\/villuercas.jpg\" alt=\"\" width=\"600\" height=\"281\" srcset=\"https:\/\/static-blogs.hoy.es\/wp-content\/uploads\/sites\/22\/2012\/10\/villuercas.jpg 640w, https:\/\/static-blogs.hoy.es\/wp-content\/uploads\/sites\/22\/2012\/10\/villuercas-300x141.jpg 300w, https:\/\/static-blogs.hoy.es\/wp-content\/uploads\/sites\/22\/2012\/10\/villuercas-600x281.jpg 600w\" sizes=\"(max-width: 600px) 100vw, 600px\" \/><\/a><\/p>\n<p>Mejoras en los caminos utilizados por los peregrinos que se dirigen a Guadalupe, ya sea a pie, en bicicleta o a caballo. La se\u00f1alizaci\u00f3n de las dos rutas del <a href=\"http:\/\/aprodervi.blogspot.com.es\/\" target=\"_blank\" rel=\"external nofollow\"><strong>Proyecto It\u00ednere<\/strong><\/a><strong> <\/strong>que atraviesan la comarca del <strong>Campo Ara\u00f1uelo<\/strong> comenzar\u00e1 en los pr\u00f3ximos d\u00edas. Se trata del camino de los <strong>Jer\u00f3nimos desde el Monasterio de Yuste<\/strong> y el <a href=\"http:\/\/www.itinere1337.com\/rutas\/ruta.asp?id=11\" target=\"_blank\" rel=\"external nofollow\"><strong>de Plasencia por el parque nacional de Monfrag\u00fce<\/strong><\/a>.<\/p>\n<p>Son <strong>m\u00e1s de cien los kil\u00f3metros<\/strong> que se van a se\u00f1alizar en la comarca, utilizando dos tipos de materiales. Fuera de los cascos urbanos, en el campo, ser\u00e1 con pintura. Dentro de los mismos con placas met\u00e1licas que se colocar\u00e1n en el suelo anunciando los Caminos a Guadalupe. Adem\u00e1s se instalar\u00e1n paneles informativos a la entrada de los municipios para detallar las caracter\u00edsticas y el recorrido del sendero, seg\u00fan ha informado Arjabor.<\/p>\n<p>En el <strong>Campo Ara\u00f1uelo<\/strong> ser\u00e1n nueve las poblaciones en las que habr\u00e1 actuaciones. La se\u00f1alizaci\u00f3n del camino de los Jer\u00f3nimos afectar\u00e1 a Talayuela, Navalmoral de la Mata, Peraleda de la Mata y Bohonal de Ibor, para continuar desde ah\u00ed a Casta\u00f1ar, adentrarse en la comarca de <strong>los Ibores<\/strong> y llegar a Guadalupe.<\/p>\n<p>En cuanto al camino de Monfrag\u00fce atravesar\u00e1 Toril, Casatejada, Saucedilla, Belv\u00eds de Monroy y Mesas de Ibor, confluyendo con el anterior en <strong>Navalvillar<\/strong>.<\/p>\n<p>De las marcas de pintura y los paneles se encargar\u00e1 una empresa especializada, mientras que la colocaci\u00f3n de las placas es responsabilidad de los respectivos ayuntamientos. Se han entregado diez placas por poblaci\u00f3n, por lo que, en pocos d\u00edas, los caminos a Guadalupe &#8220;muy presentes&#8221; en la comarca del Campo Ara\u00f1uelo.<\/p>\n<p>El proyecto, que financia el Gobierno de Espa\u00f1a, est\u00e1 coordinado por <a href=\"http:\/\/aprodervi.blogspot.com.es\/\" target=\"_blank\" rel=\"external nofollow\"><strong>Aprodervi<\/strong><\/a>, la Asociaci\u00f3n para la Promoci\u00f3n y el Desarrollo de la comarca Villuercas-Ibores-Jara. Participan 17 grupos de acci\u00f3n local de Extremadura, Castilla-La Mancha y Madrid, entre ellos la Asociaci\u00f3n para el Desarrollo del Campo Ara\u00f1uelo <a href=\"http:\/\/www.arjabor.com\/\" target=\"_blank\" rel=\"external nofollow\">(<strong>Arjabor<\/strong><\/a>).<\/p>\n<p>&nbsp;<\/p>\n<div id=\"attachment_910\" style=\"width: 610px\" class=\"wp-caption aligncenter\"><a href=\"https:\/\/blogs.hoy.es\/senderosextremadura\/2012\/10\/17\/mas-de-cien-kilometros-de-caminos-a-guadalupe-seran-senalizados\/graficos-guadalupe\/\" rel=\"attachment wp-att-910\"><img aria-describedby=\"caption-attachment-910\" loading=\"lazy\" class=\"size-large wp-image-910\" title=\"graficos-guadalupe\" src=\"\/senderosextremadura\/wp-content\/uploads\/sites\/22\/2012\/10\/graficos-guadalupe.jpg\" alt=\"\" width=\"600\" height=\"342\" srcset=\"https:\/\/static-blogs.hoy.es\/wp-content\/uploads\/sites\/22\/2012\/10\/graficos-guadalupe.jpg 700w, https:\/\/static-blogs.hoy.es\/wp-content\/uploads\/sites\/22\/2012\/10\/graficos-guadalupe-300x171.jpg 300w, https:\/\/static-blogs.hoy.es\/wp-content\/uploads\/sites\/22\/2012\/10\/graficos-guadalupe-600x343.jpg 600w\" sizes=\"(max-width: 600px) 100vw, 600px\" \/><\/a><p id=\"caption-attachment-910\" class=\"wp-caption-text\">Rutas de los Caminos a Guadalupe http:\/\/www.itinere1337.com\/<\/p><\/div>\n<!-- AddThis Advanced Settings generic via filter on the_content --><!-- AddThis Share Buttons generic via filter on the_content -->","protected":false},"excerpt":{"rendered":"<p>Mejoras en los caminos utilizados por los peregrinos que se dirigen a Guadalupe, ya sea a pie, en bicicleta o a caballo. La se\u00f1alizaci\u00f3n de las dos rutas del Proyecto It\u00ednere que atraviesan la comarca del Campo Ara\u00f1uelo comenzar\u00e1 en los pr\u00f3ximos d\u00edas. Se trata del camino de los Jer\u00f3nimos desde el Monasterio de Yuste [&hellip;]<!-- AddThis Advanced Settings generic via filter on get_the_excerpt --><!-- AddThis Share Buttons generic via filter on get_the_excerpt --><\/p>\n","protected":false},"author":27,"featured_media":0,"comment_status":"open","ping_status":"closed","sticky":false,"template":"","format":"standard","meta":[],"categories":[3,4],"tags":[55,61,138,301,364,601,901,906,944],"_links":{"self":[{"href":"https:\/\/blogs.hoy.es\/senderosextremadura\/wp-json\/wp\/v2\/posts\/908"}],"collection":[{"href":"https:\/\/blogs.hoy.es\/senderosextremadura\/wp-json\/wp\/v2\/posts"}],"about":[{"href":"https:\/\/blogs.hoy.es\/senderosextremadura\/wp-json\/wp\/v2\/types\/post"}],"author":[{"embeddable":true,"href":"https:\/\/blogs.hoy.es\/senderosextremadura\/wp-json\/wp\/v2\/users\/27"}],"replies":[{"embeddable":true,"href":"https:\/\/blogs.hoy.es\/senderosextremadura\/wp-json\/wp\/v2\/comments?post=908"}],"version-history":[{"count":0,"href":"https:\/\/blogs.hoy.es\/senderosextremadura\/wp-json\/wp\/v2\/posts\/908\/revisions"}],"wp:attachment":[{"href":"https:\/\/blogs.hoy.es\/senderosextremadura\/wp-json\/wp\/v2\/media?parent=908"}],"wp:term":[{"taxonomy":"category","embeddable":true,"href":"https:\/\/blogs.hoy.es\/senderosextremadura\/wp-json\/wp\/v2\/categories?post=908"},{"taxonomy":"post_tag","embeddable":true,"href":"https:\/\/blogs.hoy.es\/senderosextremadura\/wp-json\/wp\/v2\/tags?post=908"}],"curies":[{"name":"wp","href":"https:\/\/api.w.org\/{rel}","templated":true}]}}