{"id":923,"date":"2012-10-21T19:39:18","date_gmt":"2012-10-21T19:39:18","guid":{"rendered":"http:\/\/blogs.hoy.es\/senderosextremadura\/?p=923"},"modified":"2012-10-21T19:39:18","modified_gmt":"2012-10-21T19:39:18","slug":"camino-de-la-barca-serradilla-27-de-octubre","status":"publish","type":"post","link":"https:\/\/blogs.hoy.es\/senderosextremadura\/2012\/10\/21\/camino-de-la-barca-serradilla-27-de-octubre\/","title":{"rendered":"&#039;Camino de la barca&#039;, Serradilla (27 de octubre)"},"content":{"rendered":"<div><a href=\"https:\/\/blogs.hoy.es\/senderosextremadura\/2012\/10\/21\/camino-de-la-barca-serradilla-27-de-octubre\/serradilla\/\" rel=\"attachment wp-att-925\"><img loading=\"lazy\" class=\"size-full wp-image-925 aligncenter\" title=\"serradilla\" src=\"\/senderosextremadura\/wp-content\/uploads\/sites\/22\/2012\/10\/serradilla.jpg\" alt=\"\" width=\"555\" height=\"172\" srcset=\"https:\/\/static-blogs.hoy.es\/wp-content\/uploads\/sites\/22\/2012\/10\/serradilla.jpg 555w, https:\/\/static-blogs.hoy.es\/wp-content\/uploads\/sites\/22\/2012\/10\/serradilla-300x93.jpg 300w\" sizes=\"(max-width: 555px) 100vw, 555px\" \/><\/a><\/div>\n<div><\/div>\n<div>El programa &#8216;<a href=\"http:\/\/perdidosporladehesa.blogspot.com.es\/p\/fechas-y-sedes.html\" rel=\"external nofollow\"><strong>Perdidos por la dehesa<\/strong><\/a>&#8216; encara el pr\u00f3ximo fin de semana su recta final. En esta ocasi\u00f3n los caminantes disfrutar\u00e1n de los paisejes del<strong> &#8216;Camino de la barca&#8217;<\/strong>, en Serradilla (C\u00e1ceres). La marcha de 12 kil\u00f3metros y cuatro horas de duraci\u00f3n tiene una dificultad media-baja.\u00a0 Parajes situados en el centro geogr\u00e1fico de la provincia de C\u00e1ceres, en las sierras que bordean los r\u00edos Tajo y Ti\u00e9tar.<\/div>\n<div><\/div>\n<div><strong>Descripci\u00f3n de la ruta<\/strong><\/div>\n<div><\/div>\n<div>Junto al Parque de Bomberos, muy cerca de la salida por carretera hacia <strong>Torrej\u00f3n el Rubio<\/strong> y C\u00e1ceres, nos encontramos el comienzo del sendero. Estamos ante una ruta que nos habla de caminos y oficios ya olvidados. Conocido tambi\u00e9n como el camino a Torrej\u00f3n y a <strong>Jaraicejo<\/strong>, pues este era el recorrido que se deb\u00eda realizar cuando un vecino quer\u00eda pasar de una orilla a otra del Tajo, con la \u00fanica ayuda de una barca y su correspondiente barquero, nos adentramos en la dehesa boyal de <strong>Serradilla<\/strong>.<\/div>\n<div><\/div>\n<div>Es un camino sencillo. El primer kil\u00f3metro se encuentra asfaltado, hasta la entrada de la dehesa boyal, continuando despu\u00e9s, con una ligera pendiente descendente por un encinar adehesado en el que pastorean perezosamente <strong>ovejas y vacas<\/strong> hasta que, en la mitad del camino, el matorral de jara y cantueso se hace m\u00e1s denso, indicio de que nos aproximamos al r\u00edo Tajo, vertebrador de este territorio. Nos encontramos junto al mirador del Chorrer\u00f3n, cascada estacional que solo con las fuertes lluvias de principios de oto\u00f1o y primavera hace honor a su nombre. A partir de aqu\u00ed, el descenso que nos lleva a la orilla del r\u00edo es m\u00e1s significativo, no presentando dificultad alguna, debido a la amplitud y correcta se\u00f1alizaci\u00f3n, as\u00ed como la continua adaptaci\u00f3n de la senda a las laderas, lo que adem\u00e1s nos permitir\u00e1 el disfrute de multitud de rincones. Llegados al final del camino, en el mirador de las Tahe\u00f1as, junto al <strong>Tajo embalsado<\/strong>, quiz\u00e1 encontremos pescadores.<\/div>\n<div><\/div>\n<div>Despu\u00e9s de disfrutar de la ribera y su entorno debemos remontar la pendiente y regresar por el mismo camino que nos trajo.<\/div>\n<div><\/div>\n<div>Para participar en la ruta hay que<a href=\"http:\/\/perdidosporladehesa.blogspot.com.es\/p\/inscripcion_12.html\" rel=\"external nofollow\"><strong> rellenar este formulario<\/strong><\/a>.<\/div>\n<!-- AddThis Advanced Settings generic via filter on the_content --><!-- AddThis Share Buttons generic via filter on the_content -->","protected":false},"excerpt":{"rendered":"<p>El programa &#8216;Perdidos por la dehesa&#8216; encara el pr\u00f3ximo fin de semana su recta final. En esta ocasi\u00f3n los caminantes disfrutar\u00e1n de los paisejes del &#8216;Camino de la barca&#8217;, en Serradilla (C\u00e1ceres). La marcha de 12 kil\u00f3metros y cuatro horas de duraci\u00f3n tiene una dificultad media-baja.\u00a0 Parajes situados en el centro geogr\u00e1fico de la provincia [&hellip;]<!-- AddThis Advanced Settings generic via filter on get_the_excerpt --><!-- AddThis Share Buttons generic via filter on get_the_excerpt --><\/p>\n","protected":false},"author":27,"featured_media":0,"comment_status":"open","ping_status":"closed","sticky":false,"template":"","format":"standard","meta":[],"categories":[3,4],"tags":[121,301,710,712,713,906,942,964,1004,1022,1039],"_links":{"self":[{"href":"https:\/\/blogs.hoy.es\/senderosextremadura\/wp-json\/wp\/v2\/posts\/923"}],"collection":[{"href":"https:\/\/blogs.hoy.es\/senderosextremadura\/wp-json\/wp\/v2\/posts"}],"about":[{"href":"https:\/\/blogs.hoy.es\/senderosextremadura\/wp-json\/wp\/v2\/types\/post"}],"author":[{"embeddable":true,"href":"https:\/\/blogs.hoy.es\/senderosextremadura\/wp-json\/wp\/v2\/users\/27"}],"replies":[{"embeddable":true,"href":"https:\/\/blogs.hoy.es\/senderosextremadura\/wp-json\/wp\/v2\/comments?post=923"}],"version-history":[{"count":0,"href":"https:\/\/blogs.hoy.es\/senderosextremadura\/wp-json\/wp\/v2\/posts\/923\/revisions"}],"wp:attachment":[{"href":"https:\/\/blogs.hoy.es\/senderosextremadura\/wp-json\/wp\/v2\/media?parent=923"}],"wp:term":[{"taxonomy":"category","embeddable":true,"href":"https:\/\/blogs.hoy.es\/senderosextremadura\/wp-json\/wp\/v2\/categories?post=923"},{"taxonomy":"post_tag","embeddable":true,"href":"https:\/\/blogs.hoy.es\/senderosextremadura\/wp-json\/wp\/v2\/tags?post=923"}],"curies":[{"name":"wp","href":"https:\/\/api.w.org\/{rel}","templated":true}]}}