{"id":926,"date":"2012-10-22T17:25:55","date_gmt":"2012-10-22T17:25:55","guid":{"rendered":"http:\/\/blogs.hoy.es\/senderosextremadura\/?p=926"},"modified":"2012-10-22T17:25:55","modified_gmt":"2012-10-22T17:25:55","slug":"ruta-por-la-portilla-de-pena-bejarana-salamanca-28-de-octubre","status":"publish","type":"post","link":"https:\/\/blogs.hoy.es\/senderosextremadura\/2012\/10\/22\/ruta-por-la-portilla-de-pena-bejarana-salamanca-28-de-octubre\/","title":{"rendered":"Ruta por la Portilla de Pe\u00f1a Bejarana, Salamanca (28 de octubre)"},"content":{"rendered":"<p><a href=\"https:\/\/blogs.hoy.es\/senderosextremadura\/2012\/10\/22\/ruta-por-la-portilla-de-pena-bejarana-salamanca-28-de-octubre\/pena-2\/\" rel=\"attachment wp-att-928\"><img loading=\"lazy\" class=\"aligncenter size-large wp-image-928\" title=\"pena\" src=\"\/senderosextremadura\/wp-content\/uploads\/sites\/22\/2012\/10\/pena.jpg\" alt=\"\" width=\"600\" height=\"300\" srcset=\"https:\/\/static-blogs.hoy.es\/wp-content\/uploads\/sites\/22\/2012\/10\/pena.jpg 800w, https:\/\/static-blogs.hoy.es\/wp-content\/uploads\/sites\/22\/2012\/10\/pena-300x150.jpg 300w, https:\/\/static-blogs.hoy.es\/wp-content\/uploads\/sites\/22\/2012\/10\/pena-768x384.jpg 768w, https:\/\/static-blogs.hoy.es\/wp-content\/uploads\/sites\/22\/2012\/10\/pena-600x300.jpg 600w\" sizes=\"(max-width: 600px) 100vw, 600px\" \/><\/a><\/p>\n<p>La Escuela Permanente de Consumo y el Departamento de Deportes del Ayuntamiento de <a href=\"www.hoycoria.es\"><strong>Coria<\/strong><\/a> han organizado la ruta por la <strong>Portilla de Pe\u00f1a Bejarana<\/strong> en la localidad de La Alberca (Salamanca). La fecha de celebraci\u00f3n ser\u00e1 el 28 de octubre. Los caminantes saldr\u00e1n a las ocho de la ma\u00f1ana de la Casa de Cultura.<\/p>\n<p>El\u00a0<span style=\"text-decoration: underline;\">plazo de inscripci\u00f3n<\/span>\u00a0estar\u00e1 abierto hasta el\u00a0jueves 25 de octubre. Se puede llamar a los tel\u00e9fonos 927.50.80.33 y 618.84.67.98 o enviar un mail a <a href=\"mailto:deportescoria@coria.org\"><strong>deportescoria@coria.org<\/strong><\/a>.<\/p>\n<ul>\n<li><strong>Distancia y tiempo de duraci\u00f3n: 13.56 km \/ 4h 29\u00b4<\/strong><\/li>\n<li><strong>Tipo de recorrido: Circular.<\/strong><\/li>\n<li><strong>Dificultad: Media.<\/strong><\/li>\n<li><strong>Desnivel de subida: 378 metros.<\/strong><\/li>\n<li><strong>Desnivel de bajada: 323 metros.<\/strong><\/li>\n<\/ul>\n<p><strong><span style=\"text-decoration: underline;\">M\u00e1s informaci\u00f3n:<\/span><\/strong><\/p>\n<ul>\n<li>Cuota: 10 euros para no federados (incluye bus y seguro de accidente) y 7 euros para los federados.<\/li>\n<li>Los menores de edad deber\u00e1n ir acompa\u00f1ados de un adulto (padre\/madre\/tutor) con su correspondiente autorizaci\u00f3n.<\/li>\n<li>Recomendaciones: calzado y ropa adecuados (botas o zapatillas de trekking), bast\u00f3n, bocadillo y agua o bebida isot\u00f3nica.<\/li>\n<\/ul>\n<p>Toda la\u00a0<strong><span style=\"text-decoration: underline;\">informaci\u00f3n<\/span><\/strong>\u00a0y formas de\u00a0<strong><span style=\"text-decoration: underline;\">inscripci\u00f3n<\/span><\/strong>\u00a0se encuentra en\u00a0<a href=\"http:\/\/deportescoria.blogspot.com\/\" target=\"_blank\" rel=\"external nofollow\"><strong>http:\/\/deportescoria.blogspot.com<\/strong><\/a><\/p>\n<p>&nbsp;<\/p>\n<p>&nbsp;<\/p>\n<!-- AddThis Advanced Settings generic via filter on the_content --><!-- AddThis Share Buttons generic via filter on the_content -->","protected":false},"excerpt":{"rendered":"<p>La Escuela Permanente de Consumo y el Departamento de Deportes del Ayuntamiento de Coria han organizado la ruta por la Portilla de Pe\u00f1a Bejarana en la localidad de La Alberca (Salamanca). La fecha de celebraci\u00f3n ser\u00e1 el 28 de octubre. Los caminantes saldr\u00e1n a las ocho de la ma\u00f1ana de la Casa de Cultura. El\u00a0plazo [&hellip;]<!-- AddThis Advanced Settings generic via filter on get_the_excerpt --><!-- AddThis Share Buttons generic via filter on get_the_excerpt --><\/p>\n","protected":false},"author":27,"featured_media":0,"comment_status":"open","ping_status":"closed","sticky":false,"template":"","format":"standard","meta":[],"categories":[4],"tags":[121,239,253,301,879,906,942],"_links":{"self":[{"href":"https:\/\/blogs.hoy.es\/senderosextremadura\/wp-json\/wp\/v2\/posts\/926"}],"collection":[{"href":"https:\/\/blogs.hoy.es\/senderosextremadura\/wp-json\/wp\/v2\/posts"}],"about":[{"href":"https:\/\/blogs.hoy.es\/senderosextremadura\/wp-json\/wp\/v2\/types\/post"}],"author":[{"embeddable":true,"href":"https:\/\/blogs.hoy.es\/senderosextremadura\/wp-json\/wp\/v2\/users\/27"}],"replies":[{"embeddable":true,"href":"https:\/\/blogs.hoy.es\/senderosextremadura\/wp-json\/wp\/v2\/comments?post=926"}],"version-history":[{"count":0,"href":"https:\/\/blogs.hoy.es\/senderosextremadura\/wp-json\/wp\/v2\/posts\/926\/revisions"}],"wp:attachment":[{"href":"https:\/\/blogs.hoy.es\/senderosextremadura\/wp-json\/wp\/v2\/media?parent=926"}],"wp:term":[{"taxonomy":"category","embeddable":true,"href":"https:\/\/blogs.hoy.es\/senderosextremadura\/wp-json\/wp\/v2\/categories?post=926"},{"taxonomy":"post_tag","embeddable":true,"href":"https:\/\/blogs.hoy.es\/senderosextremadura\/wp-json\/wp\/v2\/tags?post=926"}],"curies":[{"name":"wp","href":"https:\/\/api.w.org\/{rel}","templated":true}]}}