{"id":929,"date":"2012-10-23T08:49:19","date_gmt":"2012-10-23T08:49:19","guid":{"rendered":"http:\/\/blogs.hoy.es\/senderosextremadura\/?p=929"},"modified":"2012-10-23T08:49:19","modified_gmt":"2012-10-23T08:49:19","slug":"mas-de-500-senderistas-acudieron-a-la-concentracion-de-los-santos-de-maimona","status":"publish","type":"post","link":"https:\/\/blogs.hoy.es\/senderosextremadura\/2012\/10\/23\/mas-de-500-senderistas-acudieron-a-la-concentracion-de-los-santos-de-maimona\/","title":{"rendered":"M\u00e1s de 500 senderistas acudieron a la concentraci\u00f3n de Los Santos de Maimona"},"content":{"rendered":"<p><a href=\"https:\/\/blogs.hoy.es\/senderosextremadura\/2012\/10\/23\/mas-de-500-senderistas-acudieron-a-la-concentracion-de-los-santos-de-maimona\/senderos-maimona\/\" rel=\"attachment wp-att-930\"><img loading=\"lazy\" class=\"alignright  wp-image-930\" title=\"senderos-maimona\" src=\"\/senderosextremadura\/wp-content\/uploads\/sites\/22\/2012\/10\/senderos-maimona.jpg\" alt=\"\" width=\"300\" height=\"504\" srcset=\"https:\/\/static-blogs.hoy.es\/wp-content\/uploads\/sites\/22\/2012\/10\/senderos-maimona.jpg 300w, https:\/\/static-blogs.hoy.es\/wp-content\/uploads\/sites\/22\/2012\/10\/senderos-maimona-179x300.jpg 179w\" sizes=\"(max-width: 300px) 100vw, 300px\" \/><\/a>LUCIO POVES | M\u00e1s de quinientos senderistas procedentes de Extremadura, Andaluc\u00eda y Portugal han participado en la I Concentraci\u00f3n\u00a0 &#8216;Maimona&#8217; organizada\u00a0 por el Ayuntamiento de <a href=\"http:\/\/www.lossantosdemaimona.es\/\" rel=\"external nofollow\"><strong>Los Santos de Maimona<\/strong><\/a> y La Asociaci\u00f3n &#8216;La Verea&#8217;\u00a0 como proyecto Europeo Fenix-Riep.<\/p>\n<p>La participaci\u00f3n -en un d\u00eda bastante agradable para el senderismo- result\u00f3 excelente\u00a0 y, desde bien temprano, comenzaron a llegar autobuses con grupos o pe\u00f1as de las muchas asociaciones senderistas que hay por toda Extremadura y con las que &#8216;La Verea&#8217;\u00a0 mantiene contactos. Tambi\u00e9n fueron muchos los vecinos de Los Santos\u00a0 que se unieron a\u00a0 esta jornada de caminata, convivencia y fiesta.<\/p>\n<p>Los inscritos en la &#8216;ruta de las tres sierras&#8217; iniciaron el recorrido de unos 20 kil\u00f3metros\u00a0 desde\u00a0 la Plaza de Vistahermosa -tras un desayuno con\u00a0 dulces caseros- recorriendo las calles del pueblo\u00a0 y pasando por lugares\u00a0 tan emblem\u00e1ticos como el antiguo hospital y convento, la Plaza de Espa\u00f1a y su iglesia, el ayuntamiento y\u00a0 la avenida del Santuario de la Virgen de la Estrella. La ruta\u00a0 iba buscando la primera de las sierras, la de Cabrera. Tras bajar de ella, estaba el punto de avituallamiento. Fruta y agua para\u00a0 recuperar fuerzas antes de seguir con la marcha hacia las sierras de Los Olivos y la de San Crist\u00f3bal, para regresar a la plaza de Vistahermosa donde ,de nuevo, se reunir\u00edan todos los participantes.<\/p>\n<p>El recorrido se hizo sin incidencias y la aportaci\u00f3n de la Polic\u00eda Local, Guardia Rural y Cruz Roja se limit\u00f3 a la vigilancia y el acompa\u00f1amiento. Actuaciones musicales y de baile, sorteos de regalos, una gran garbanzada para todos los asistentes y una convivencia tranquila y apacible, entre senderistas, organizaci\u00f3n y curiosos que llenaron la zona, cerraron una ma\u00f1ana muy campera.<\/p>\n<p>M\u00e1s informaci\u00f3n en <a href=\"www.hoylossantosdemaimona.es\"><strong>HOY Los Santos de Maimona<\/strong><\/a><\/p>\n<!-- AddThis Advanced Settings generic via filter on the_content --><!-- AddThis Share Buttons generic via filter on the_content -->","protected":false},"excerpt":{"rendered":"<p>LUCIO POVES | M\u00e1s de quinientos senderistas procedentes de Extremadura, Andaluc\u00eda y Portugal han participado en la I Concentraci\u00f3n\u00a0 &#8216;Maimona&#8217; organizada\u00a0 por el Ayuntamiento de Los Santos de Maimona y La Asociaci\u00f3n &#8216;La Verea&#8217;\u00a0 como proyecto Europeo Fenix-Riep. La participaci\u00f3n -en un d\u00eda bastante agradable para el senderismo- result\u00f3 excelente\u00a0 y, desde bien temprano, comenzaron [&hellip;]<!-- AddThis Advanced Settings generic via filter on get_the_excerpt --><!-- AddThis Share Buttons generic via filter on get_the_excerpt --><\/p>\n","protected":false},"author":27,"featured_media":0,"comment_status":"open","ping_status":"closed","sticky":false,"template":"","format":"standard","meta":[],"categories":[3],"tags":[86,133,301,473,895,906,942],"_links":{"self":[{"href":"https:\/\/blogs.hoy.es\/senderosextremadura\/wp-json\/wp\/v2\/posts\/929"}],"collection":[{"href":"https:\/\/blogs.hoy.es\/senderosextremadura\/wp-json\/wp\/v2\/posts"}],"about":[{"href":"https:\/\/blogs.hoy.es\/senderosextremadura\/wp-json\/wp\/v2\/types\/post"}],"author":[{"embeddable":true,"href":"https:\/\/blogs.hoy.es\/senderosextremadura\/wp-json\/wp\/v2\/users\/27"}],"replies":[{"embeddable":true,"href":"https:\/\/blogs.hoy.es\/senderosextremadura\/wp-json\/wp\/v2\/comments?post=929"}],"version-history":[{"count":0,"href":"https:\/\/blogs.hoy.es\/senderosextremadura\/wp-json\/wp\/v2\/posts\/929\/revisions"}],"wp:attachment":[{"href":"https:\/\/blogs.hoy.es\/senderosextremadura\/wp-json\/wp\/v2\/media?parent=929"}],"wp:term":[{"taxonomy":"category","embeddable":true,"href":"https:\/\/blogs.hoy.es\/senderosextremadura\/wp-json\/wp\/v2\/categories?post=929"},{"taxonomy":"post_tag","embeddable":true,"href":"https:\/\/blogs.hoy.es\/senderosextremadura\/wp-json\/wp\/v2\/tags?post=929"}],"curies":[{"name":"wp","href":"https:\/\/api.w.org\/{rel}","templated":true}]}}