{"id":932,"date":"2012-10-23T09:09:31","date_gmt":"2012-10-23T09:09:31","guid":{"rendered":"http:\/\/blogs.hoy.es\/senderosextremadura\/?p=932"},"modified":"2012-10-23T09:09:31","modified_gmt":"2012-10-23T09:09:31","slug":"hasta-las-villuercas-por-el-valle-del-rio-viejas-galeria","status":"publish","type":"post","link":"https:\/\/blogs.hoy.es\/senderosextremadura\/2012\/10\/23\/hasta-las-villuercas-por-el-valle-del-rio-viejas-galeria\/","title":{"rendered":"Hasta Las Villuercas por el valle del r\u00edo Viejas (Galer\u00eda)"},"content":{"rendered":"<p><strong><a href=\"https:\/\/blogs.hoy.es\/senderosextremadura\/2012\/10\/23\/hasta-las-villuercas-por-el-valle-del-rio-viejas-galeria\/bosque\/\" rel=\"attachment wp-att-933\"><img loading=\"lazy\" class=\"aligncenter  wp-image-933\" title=\"bosque\" src=\"\/senderosextremadura\/wp-content\/uploads\/sites\/22\/2012\/10\/bosque.jpg\" alt=\"\" width=\"460\" height=\"270\" srcset=\"https:\/\/static-blogs.hoy.es\/wp-content\/uploads\/sites\/22\/2012\/10\/bosque.jpg 460w, https:\/\/static-blogs.hoy.es\/wp-content\/uploads\/sites\/22\/2012\/10\/bosque-300x176.jpg 300w\" sizes=\"(max-width: 460px) 100vw, 460px\" \/><\/a><a href=\"https:\/\/blogs.hoy.es\/senderosextremadura\/2012\/10\/23\/hasta-las-villuercas-por-el-valle-del-rio-viejas-galeria\/viejas\/\" rel=\"attachment wp-att-934\"><img loading=\"lazy\" class=\"aligncenter size-full wp-image-934\" title=\"viejas\" src=\"\/senderosextremadura\/wp-content\/uploads\/sites\/22\/2012\/10\/viejas.jpg\" alt=\"\" width=\"460\" height=\"270\" srcset=\"https:\/\/static-blogs.hoy.es\/wp-content\/uploads\/sites\/22\/2012\/10\/viejas.jpg 460w, https:\/\/static-blogs.hoy.es\/wp-content\/uploads\/sites\/22\/2012\/10\/viejas-300x176.jpg 300w\" sizes=\"(max-width: 460px) 100vw, 460px\" \/><\/a><a href=\"https:\/\/blogs.hoy.es\/senderosextremadura\/2012\/10\/23\/hasta-las-villuercas-por-el-valle-del-rio-viejas-galeria\/rio\/\" rel=\"attachment wp-att-935\"><img loading=\"lazy\" class=\"aligncenter size-full wp-image-935\" title=\"rio\" src=\"\/senderosextremadura\/wp-content\/uploads\/sites\/22\/2012\/10\/rio.jpg\" alt=\"\" width=\"460\" height=\"270\" srcset=\"https:\/\/static-blogs.hoy.es\/wp-content\/uploads\/sites\/22\/2012\/10\/rio.jpg 460w, https:\/\/static-blogs.hoy.es\/wp-content\/uploads\/sites\/22\/2012\/10\/rio-300x176.jpg 300w\" sizes=\"(max-width: 460px) 100vw, 460px\" \/><\/a><\/strong><\/p>\n<p><strong><strong><a href=\"http:\/\/www.zonaexplorer.com\/\" rel=\"external nofollow\" target=\"_blank\">Explorer<\/a><\/strong> recorri\u00f3 el pasado domingo <strong>19 kil\u00f3metros<\/strong> por uno de los valles m\u00e1s reconditos de Extremadura. Se trata de una marcha senderista que arranca en<strong> Los Ibores<\/strong> y finaliza en <strong>Las Villuercas<\/strong> (con visita a obligada a la <strong>Villa de Guadalupe<\/strong>) siguiendo en todo momento el cauce del r\u00edo Viejas.\u00a0 Una ruta que cont\u00f3 con el aliciente a\u00f1adido de poder disfrutar de la berrea.<\/strong><\/p>\n<p><strong> <a href=\"http:\/\/www.hoy.es\/multimedia\/fotos\/ultimos\/108670-ruta-senderista-valle-viejas-0.html\" rel=\"external nofollow\">Ver m\u00e1s fotos de la ruta<\/a><\/strong><\/p>\n<!-- AddThis Advanced Settings generic via filter on the_content --><!-- AddThis Share Buttons generic via filter on the_content -->","protected":false},"excerpt":{"rendered":"<p>Explorer recorri\u00f3 el pasado domingo 19 kil\u00f3metros por uno de los valles m\u00e1s reconditos de Extremadura. Se trata de una marcha senderista que arranca en Los Ibores y finaliza en Las Villuercas (con visita a obligada a la Villa de Guadalupe) siguiendo en todo momento el cauce del r\u00edo Viejas.\u00a0 Una ruta que cont\u00f3 con [&hellip;]<!-- AddThis Advanced Settings generic via filter on get_the_excerpt --><!-- AddThis Share Buttons generic via filter on get_the_excerpt --><\/p>\n","protected":false},"author":27,"featured_media":0,"comment_status":"open","ping_status":"closed","sticky":false,"template":"","format":"standard","meta":[],"categories":[4],"tags":[86,121,400,692,906,944,1079,1099],"_links":{"self":[{"href":"https:\/\/blogs.hoy.es\/senderosextremadura\/wp-json\/wp\/v2\/posts\/932"}],"collection":[{"href":"https:\/\/blogs.hoy.es\/senderosextremadura\/wp-json\/wp\/v2\/posts"}],"about":[{"href":"https:\/\/blogs.hoy.es\/senderosextremadura\/wp-json\/wp\/v2\/types\/post"}],"author":[{"embeddable":true,"href":"https:\/\/blogs.hoy.es\/senderosextremadura\/wp-json\/wp\/v2\/users\/27"}],"replies":[{"embeddable":true,"href":"https:\/\/blogs.hoy.es\/senderosextremadura\/wp-json\/wp\/v2\/comments?post=932"}],"version-history":[{"count":0,"href":"https:\/\/blogs.hoy.es\/senderosextremadura\/wp-json\/wp\/v2\/posts\/932\/revisions"}],"wp:attachment":[{"href":"https:\/\/blogs.hoy.es\/senderosextremadura\/wp-json\/wp\/v2\/media?parent=932"}],"wp:term":[{"taxonomy":"category","embeddable":true,"href":"https:\/\/blogs.hoy.es\/senderosextremadura\/wp-json\/wp\/v2\/categories?post=932"},{"taxonomy":"post_tag","embeddable":true,"href":"https:\/\/blogs.hoy.es\/senderosextremadura\/wp-json\/wp\/v2\/tags?post=932"}],"curies":[{"name":"wp","href":"https:\/\/api.w.org\/{rel}","templated":true}]}}