{"id":942,"date":"2012-10-30T20:29:20","date_gmt":"2012-10-30T20:29:20","guid":{"rendered":"http:\/\/blogs.hoy.es\/senderosextremadura\/?p=942"},"modified":"2012-10-30T20:29:20","modified_gmt":"2012-10-30T20:29:20","slug":"ruta-por-los-pueblos-de-a-fala-11-de-noviembre","status":"publish","type":"post","link":"https:\/\/blogs.hoy.es\/senderosextremadura\/2012\/10\/30\/ruta-por-los-pueblos-de-a-fala-11-de-noviembre\/","title":{"rendered":"Ruta por los pueblos de &#039;A fala&#039; (11 de noviembre)"},"content":{"rendered":"<p><a href=\"https:\/\/blogs.hoy.es\/senderosextremadura\/2012\/10\/30\/ruta-por-los-pueblos-de-a-fala-11-de-noviembre\/sierra-gata\/\" rel=\"attachment wp-att-943\"><img loading=\"lazy\" class=\"aligncenter size-large wp-image-943\" title=\"sierra-gata\" src=\"\/senderosextremadura\/wp-content\/uploads\/sites\/22\/2012\/10\/sierra-gata.jpg\" alt=\"\" width=\"600\" height=\"450\" srcset=\"https:\/\/static-blogs.hoy.es\/wp-content\/uploads\/sites\/22\/2012\/10\/sierra-gata.jpg 800w, https:\/\/static-blogs.hoy.es\/wp-content\/uploads\/sites\/22\/2012\/10\/sierra-gata-300x225.jpg 300w, https:\/\/static-blogs.hoy.es\/wp-content\/uploads\/sites\/22\/2012\/10\/sierra-gata-768x576.jpg 768w, https:\/\/static-blogs.hoy.es\/wp-content\/uploads\/sites\/22\/2012\/10\/sierra-gata-600x450.jpg 600w\" sizes=\"(max-width: 600px) 100vw, 600px\" \/><\/a><\/p>\n<p>Seguimos disfrutando de este oto\u00f1o que est\u00e1 dejando buenas lluvias. El pr\u00f3ximo domingo 11 de noviembre el <a href=\"http:\/\/www.clubgr100.com\/\" target=\"_blank\" rel=\"external nofollow\"><strong>Club GR 100<\/strong><\/a> se desplaza a la <strong>Sierra de Gata<\/strong>, concretamente a la localidad de San Mart\u00edn de Trevejo para realizar la ruta de senderismo denominada como &#8216;A Fala&#8217;. La marcha por el sendero <strong>PR-CC 184<\/strong> toma su nombre del idioma empleado por los habitantes de las tres poblaciones por las que discurre y que podremos escuchar y ver en los r\u00f3tulos de sus calles.<\/p>\n<p><strong>Descripci\u00f3n de la ruta<\/strong><\/p>\n<p>Salimos desde <strong>San Mart\u00edn de Trevejo<\/strong> ascendiendo por la calzada empedrada que sube hasta el <strong><a href=\"https:\/\/blogs.hoy.es\/senderosextremadura\/2012\/10\/23\/esplendor-vegetal-de-la-ruta-de-santa-clara-en-el-otono-de-gata-galeria\/\" target=\"_blank\">Puerto de Santa Clara<\/a>.<\/strong> Pronto nos adentramos en un bell\u00edsimo casta\u00f1ar, en el que destacan los portes majestuosos de &#8220;los Abuelos&#8221;. Un puente de piedra permite el paso del <strong>torrente de La Vega<\/strong>. Pronto llegaremos a lo alto del puerto, paso a Salamanca. Aqu\u00ed giramos hacia el oeste para comenzar el descenso a la meta.<\/p>\n<p>Nos encontramos en el llamado &#8220;Camino del Puerto&#8221; que, con unas espl\u00e9ndidas vistas sobre la llanura cacere\u00f1a, atraviesa un canchal. Algo m\u00e1s abajo nos adentraremos en un robledal y en una zona de viejas cercas de piedra. A la vuelta de un recodo del camino nos encontraremos de improviso con nuestros dos pr\u00f3ximos destinos. A nuestros pies <strong>Eljas<\/strong> y algo mas alejado Valverde del Fresno. Atravesaremos la primera de las poblaciones donde, a la salida, pasaremos por un delicioso rinc\u00f3n, la <strong>Fuente del \u00c1lamo<\/strong>.<\/p>\n<p>Seguir\u00e1 el descenso, esta vez ya por pistas mas anchas, con robles y fresnos, hasta llegar, primero al camping y luego a las primeras casas de <strong>Valverde<\/strong>.<\/p>\n<p>&nbsp;<\/p>\n<p align=\"justify\"><strong>SALIDA DE AUTOBUSES<\/strong><\/p>\n<div align=\"justify\">\u00a0BADAJOZ: Iglesia de San Jos\u00e9 a las 7:00 a.m.<\/div>\n<div align=\"justify\">\u00a0CACERES: Palacio de Congresos, a las 8:00 a.m.<\/div>\n<div align=\"justify\">\u00a0RESERVA DE PLAZA<\/div>\n<div align=\"justify\">\u00a0Si estas interesado en venir no olvides realizar tu reserva , envi\u00e1ndonos un email a actividades@clubgr100.com, con tu nombre completo y n\u00famero de tel\u00e9fono, solicitando la reserva de plaza, que quedara confirmada una vez que realices el ingreso del importe de la actividad (20\u20ac),\u00a0 en el siguiente numero de cuenta:<\/div>\n<div align=\"justify\"><\/div>\n<p align=\"justify\">Caja Duero 2104 0377 39 9063141868.<\/p>\n<div align=\"justify\">Tambi\u00e9n puedes inscribirte personalmente en:<\/div>\n<div align=\"justify\"><\/div>\n<p align=\"justify\">\u00a0 &#8211; INTERSPORT PONCE Centro Comercial Conquistadores BADAJOZ<\/p>\n<p align=\"justify\">\u00a0 &#8211; INTERSPORT PONCE Centro Comercial EL FARO. BADAJOZ<\/p>\n<p align=\"justify\">&#8211; GIMNASIO FITNESS 54 SPA, C\/G\u00f3mez de Sol\u00eds 8 BADAJOZ.<\/p>\n<p align=\"justify\">&#8211; INTERSPORT MOSTAZO c\/San Pedro, 1 CACERES.<\/p>\n<div align=\"justify\"><\/div>\n<p align=\"justify\">\u00a0Si quieres ampliar la informaci\u00f3n o realizarn alguna consulta no dudes en llamar a los siguientes tel\u00e9fonos<\/p>\n<p align=\"justify\">654 551 304. DIEGO MOSTAZO (CACERES)<\/p>\n<p align=\"justify\">608 516 568. GONZALO S\u00c1NCHEZ-SU\u00c1REZ (BADAJOZ)<\/p>\n<!-- AddThis Advanced Settings generic via filter on the_content --><!-- AddThis Share Buttons generic via filter on the_content -->","protected":false},"excerpt":{"rendered":"<p>Seguimos disfrutando de este oto\u00f1o que est\u00e1 dejando buenas lluvias. El pr\u00f3ximo domingo 11 de noviembre el Club GR 100 se desplaza a la Sierra de Gata, concretamente a la localidad de San Mart\u00edn de Trevejo para realizar la ruta de senderismo denominada como &#8216;A Fala&#8217;. La marcha por el sendero PR-CC 184 toma su [&hellip;]<!-- AddThis Advanced Settings generic via filter on get_the_excerpt --><!-- AddThis Share Buttons generic via filter on get_the_excerpt --><\/p>\n","protected":false},"author":27,"featured_media":0,"comment_status":"open","ping_status":"closed","sticky":false,"template":"","format":"standard","meta":[],"categories":[4],"tags":[121,301,305,348,887,970],"_links":{"self":[{"href":"https:\/\/blogs.hoy.es\/senderosextremadura\/wp-json\/wp\/v2\/posts\/942"}],"collection":[{"href":"https:\/\/blogs.hoy.es\/senderosextremadura\/wp-json\/wp\/v2\/posts"}],"about":[{"href":"https:\/\/blogs.hoy.es\/senderosextremadura\/wp-json\/wp\/v2\/types\/post"}],"author":[{"embeddable":true,"href":"https:\/\/blogs.hoy.es\/senderosextremadura\/wp-json\/wp\/v2\/users\/27"}],"replies":[{"embeddable":true,"href":"https:\/\/blogs.hoy.es\/senderosextremadura\/wp-json\/wp\/v2\/comments?post=942"}],"version-history":[{"count":0,"href":"https:\/\/blogs.hoy.es\/senderosextremadura\/wp-json\/wp\/v2\/posts\/942\/revisions"}],"wp:attachment":[{"href":"https:\/\/blogs.hoy.es\/senderosextremadura\/wp-json\/wp\/v2\/media?parent=942"}],"wp:term":[{"taxonomy":"category","embeddable":true,"href":"https:\/\/blogs.hoy.es\/senderosextremadura\/wp-json\/wp\/v2\/categories?post=942"},{"taxonomy":"post_tag","embeddable":true,"href":"https:\/\/blogs.hoy.es\/senderosextremadura\/wp-json\/wp\/v2\/tags?post=942"}],"curies":[{"name":"wp","href":"https:\/\/api.w.org\/{rel}","templated":true}]}}