{"id":948,"date":"2012-10-31T21:17:35","date_gmt":"2012-10-31T21:17:35","guid":{"rendered":"http:\/\/blogs.hoy.es\/senderosextremadura\/?p=948"},"modified":"2012-10-31T21:17:35","modified_gmt":"2012-10-31T21:17:35","slug":"ruta-de-la-castana-por-badajoz-1-de-noviembre","status":"publish","type":"post","link":"https:\/\/blogs.hoy.es\/senderosextremadura\/2012\/10\/31\/ruta-de-la-castana-por-badajoz-1-de-noviembre\/","title":{"rendered":"Ruta de la Casta\u00f1a por Badajoz (1 de noviembre)"},"content":{"rendered":"<p>Este\u00a0 jueves, d\u00eda de Todos los Santos, el Club del <strong>Caminante de Badajoz<\/strong> realiza su tradidional Ruta de La Casta\u00f1a. Despu\u00e9s de una vuelta por San Isidro, los senderistas parar\u00e1n en la Sociedad H\u00edpica-Lebrera donde, como es habitual, les ofrecer\u00e1n\u00a0 casta\u00f1as asadas, perrunillas y an\u00eds.<br \/>\nDificultad baja de 18 kil\u00f3metros.<br \/>\nSalida desde el Ancla a las 09:00<br \/>\nLa ruta empieza en el Ancla y termina en Montitos (Badajoz)<\/p>\n<p>M\u00c1S INFORMACI\u00d3N EN<\/p>\n<p><a href=\"http:\/\/www.clubcaminantebadajoz.com\/ruta.php?pro=1\" target=\"_blank\" rel=\"external nofollow\"><strong>http:\/\/www.clubcaminantebadajoz.com\/<\/strong><\/a><\/p>\n<!-- AddThis Advanced Settings generic via filter on the_content --><!-- AddThis Share Buttons generic via filter on the_content -->","protected":false},"excerpt":{"rendered":"<p>Este\u00a0 jueves, d\u00eda de Todos los Santos, el Club del Caminante de Badajoz realiza su tradidional Ruta de La Casta\u00f1a. Despu\u00e9s de una vuelta por San Isidro, los senderistas parar\u00e1n en la Sociedad H\u00edpica-Lebrera donde, como es habitual, les ofrecer\u00e1n\u00a0 casta\u00f1as asadas, perrunillas y an\u00eds. Dificultad baja de 18 kil\u00f3metros. Salida desde el Ancla a [&hellip;]<!-- AddThis Advanced Settings generic via filter on get_the_excerpt --><!-- AddThis Share Buttons generic via filter on get_the_excerpt --><\/p>\n","protected":false},"author":27,"featured_media":0,"comment_status":"open","ping_status":"closed","sticky":false,"template":"","format":"standard","meta":[],"categories":[4],"tags":[],"_links":{"self":[{"href":"https:\/\/blogs.hoy.es\/senderosextremadura\/wp-json\/wp\/v2\/posts\/948"}],"collection":[{"href":"https:\/\/blogs.hoy.es\/senderosextremadura\/wp-json\/wp\/v2\/posts"}],"about":[{"href":"https:\/\/blogs.hoy.es\/senderosextremadura\/wp-json\/wp\/v2\/types\/post"}],"author":[{"embeddable":true,"href":"https:\/\/blogs.hoy.es\/senderosextremadura\/wp-json\/wp\/v2\/users\/27"}],"replies":[{"embeddable":true,"href":"https:\/\/blogs.hoy.es\/senderosextremadura\/wp-json\/wp\/v2\/comments?post=948"}],"version-history":[{"count":0,"href":"https:\/\/blogs.hoy.es\/senderosextremadura\/wp-json\/wp\/v2\/posts\/948\/revisions"}],"wp:attachment":[{"href":"https:\/\/blogs.hoy.es\/senderosextremadura\/wp-json\/wp\/v2\/media?parent=948"}],"wp:term":[{"taxonomy":"category","embeddable":true,"href":"https:\/\/blogs.hoy.es\/senderosextremadura\/wp-json\/wp\/v2\/categories?post=948"},{"taxonomy":"post_tag","embeddable":true,"href":"https:\/\/blogs.hoy.es\/senderosextremadura\/wp-json\/wp\/v2\/tags?post=948"}],"curies":[{"name":"wp","href":"https:\/\/api.w.org\/{rel}","templated":true}]}}