{"id":957,"date":"2012-11-12T23:06:04","date_gmt":"2012-11-12T23:06:04","guid":{"rendered":"http:\/\/blogs.hoy.es\/senderosextremadura\/?p=957"},"modified":"2012-11-12T23:06:04","modified_gmt":"2012-11-12T23:06:04","slug":"explorer-retrasa-al-11-de-noviembre-su-ruta-del-otono-magico","status":"publish","type":"post","link":"https:\/\/blogs.hoy.es\/senderosextremadura\/2012\/11\/12\/explorer-retrasa-al-11-de-noviembre-su-ruta-del-otono-magico\/","title":{"rendered":"De Ba\u00f1os de Montemayor a Herv\u00e1s, por los bosques del Ambroz (Galer\u00eda)"},"content":{"rendered":"<div id=\"attachment_987\" style=\"width: 610px\" class=\"wp-caption aligncenter\"><a href=\"https:\/\/blogs.hoy.es\/senderosextremadura\/2012\/11\/12\/explorer-retrasa-al-11-de-noviembre-su-ruta-del-otono-magico\/ambroz-4\/\" rel=\"attachment wp-att-987\"><img aria-describedby=\"caption-attachment-987\" loading=\"lazy\" class=\"size-large wp-image-987\" title=\"Senderistas caminando por la ruta del Oto\u00f1o M\u00e1gico\" src=\"\/senderosextremadura\/wp-content\/uploads\/sites\/22\/2012\/11\/ambroz.jpg\" alt=\"Senderistas caminando por la ruta del Oto\u00f1o M\u00e1gico\" width=\"600\" height=\"375\" srcset=\"https:\/\/static-blogs.hoy.es\/wp-content\/uploads\/sites\/22\/2012\/11\/ambroz.jpg 800w, https:\/\/static-blogs.hoy.es\/wp-content\/uploads\/sites\/22\/2012\/11\/ambroz-300x188.jpg 300w, https:\/\/static-blogs.hoy.es\/wp-content\/uploads\/sites\/22\/2012\/11\/ambroz-768x480.jpg 768w, https:\/\/static-blogs.hoy.es\/wp-content\/uploads\/sites\/22\/2012\/11\/ambroz-600x375.jpg 600w\" sizes=\"(max-width: 600px) 100vw, 600px\" \/><\/a><p id=\"caption-attachment-987\" class=\"wp-caption-text\">Senderistas caminando por la ruta del Oto\u00f1o M\u00e1gico<\/p><\/div>\n<h5 data-ft=\"{\"type\":1,\"tn\":\"K\"}\"><span style=\"font-size: medium;\">Debido a las fuertes lluvias del domingo 4 de noviembre , <a href=\"http:\/\/www.zonaexplorer.com\/\" rel=\"external nofollow\">Explorer<\/a> pospuso la ruta por el Valle del Ambroz al pasado fin de semana. Una marcha que dej\u00f3 en sus retinas impresionantes im\u00e1genes de bosques coloreando el monte de tonos ocres. Los caminantes iniciaron la marcha en Ba\u00f1os de Montemayor y finalizaron en Herv\u00e1s, tras atravesar los m\u00e1gicos bosques de casta\u00f1os y robles que en noviembre estan en su m\u00e1ximo esplendor.\u00a0<\/span><\/h5>\n<p><strong>Aqu\u00ed pod\u00e9is ver las fotos que hicieron durante la ruta<\/strong> <a href=\"http:\/\/www.hoy.es\/multimedia\/fotos\/ultimos\/109852-ruta-otono-magico-valle-ambroz-0.html\" rel=\"external nofollow\">GALER\u00cdA<\/a><\/p>\n<p><a href=\"https:\/\/blogs.hoy.es\/senderosextremadura\/2012\/11\/12\/explorer-retrasa-al-11-de-noviembre-su-ruta-del-otono-magico\/ambroz-5\/\" rel=\"attachment wp-att-988\"><img loading=\"lazy\" class=\"aligncenter size-large wp-image-988\" title=\"ambroz-\" src=\"\/senderosextremadura\/wp-content\/uploads\/sites\/22\/2012\/11\/ambroz-.jpg\" alt=\"\" width=\"600\" height=\"375\" srcset=\"https:\/\/static-blogs.hoy.es\/wp-content\/uploads\/sites\/22\/2012\/11\/ambroz-.jpg 800w, https:\/\/static-blogs.hoy.es\/wp-content\/uploads\/sites\/22\/2012\/11\/ambroz--300x188.jpg 300w, https:\/\/static-blogs.hoy.es\/wp-content\/uploads\/sites\/22\/2012\/11\/ambroz--768x480.jpg 768w, https:\/\/static-blogs.hoy.es\/wp-content\/uploads\/sites\/22\/2012\/11\/ambroz--600x375.jpg 600w\" sizes=\"(max-width: 600px) 100vw, 600px\" \/><\/a><\/p>\n<p>&nbsp;<\/p>\n<p>&nbsp;<\/p>\n<!-- AddThis Advanced Settings generic via filter on the_content --><!-- AddThis Share Buttons generic via filter on the_content -->","protected":false},"excerpt":{"rendered":"<p>Debido a las fuertes lluvias del domingo 4 de noviembre , Explorer pospuso la ruta por el Valle del Ambroz al pasado fin de semana. Una marcha que dej\u00f3 en sus retinas impresionantes im\u00e1genes de bosques coloreando el monte de tonos ocres. Los caminantes iniciaron la marcha en Ba\u00f1os de Montemayor y finalizaron en Herv\u00e1s, [&hellip;]<!-- AddThis Advanced Settings generic via filter on get_the_excerpt --><!-- AddThis Share Buttons generic via filter on get_the_excerpt --><\/p>\n","protected":false},"author":3,"featured_media":0,"comment_status":"open","ping_status":"closed","sticky":false,"template":"","format":"standard","meta":[],"categories":[4],"tags":[49,121,299,301,471,480,595,713,906,944,1058],"_links":{"self":[{"href":"https:\/\/blogs.hoy.es\/senderosextremadura\/wp-json\/wp\/v2\/posts\/957"}],"collection":[{"href":"https:\/\/blogs.hoy.es\/senderosextremadura\/wp-json\/wp\/v2\/posts"}],"about":[{"href":"https:\/\/blogs.hoy.es\/senderosextremadura\/wp-json\/wp\/v2\/types\/post"}],"author":[{"embeddable":true,"href":"https:\/\/blogs.hoy.es\/senderosextremadura\/wp-json\/wp\/v2\/users\/3"}],"replies":[{"embeddable":true,"href":"https:\/\/blogs.hoy.es\/senderosextremadura\/wp-json\/wp\/v2\/comments?post=957"}],"version-history":[{"count":0,"href":"https:\/\/blogs.hoy.es\/senderosextremadura\/wp-json\/wp\/v2\/posts\/957\/revisions"}],"wp:attachment":[{"href":"https:\/\/blogs.hoy.es\/senderosextremadura\/wp-json\/wp\/v2\/media?parent=957"}],"wp:term":[{"taxonomy":"category","embeddable":true,"href":"https:\/\/blogs.hoy.es\/senderosextremadura\/wp-json\/wp\/v2\/categories?post=957"},{"taxonomy":"post_tag","embeddable":true,"href":"https:\/\/blogs.hoy.es\/senderosextremadura\/wp-json\/wp\/v2\/tags?post=957"}],"curies":[{"name":"wp","href":"https:\/\/api.w.org\/{rel}","templated":true}]}}