{"id":961,"date":"2012-11-05T10:47:25","date_gmt":"2012-11-05T10:47:25","guid":{"rendered":"http:\/\/blogs.hoy.es\/senderosextremadura\/?p=961"},"modified":"2012-11-05T10:47:25","modified_gmt":"2012-11-05T10:47:25","slug":"ruta-de-carlos-v-en-imagenes","status":"publish","type":"post","link":"https:\/\/blogs.hoy.es\/senderosextremadura\/2012\/11\/05\/ruta-de-carlos-v-en-imagenes\/","title":{"rendered":"Ruta de Carlos V, en im\u00e1genes"},"content":{"rendered":"<p><a href=\"https:\/\/blogs.hoy.es\/senderosextremadura\/2012\/11\/05\/ruta-de-carlos-v-en-imagenes\/collados\/\" rel=\"attachment wp-att-962\"><img loading=\"lazy\" class=\"aligncenter size-large wp-image-962\" title=\"collados\" src=\"\/senderosextremadura\/wp-content\/uploads\/sites\/22\/2012\/11\/collados.jpg\" alt=\"\" width=\"600\" height=\"400\" srcset=\"https:\/\/static-blogs.hoy.es\/wp-content\/uploads\/sites\/22\/2012\/11\/collados.jpg 850w, https:\/\/static-blogs.hoy.es\/wp-content\/uploads\/sites\/22\/2012\/11\/collados-300x200.jpg 300w, https:\/\/static-blogs.hoy.es\/wp-content\/uploads\/sites\/22\/2012\/11\/collados-768x512.jpg 768w, https:\/\/static-blogs.hoy.es\/wp-content\/uploads\/sites\/22\/2012\/11\/collados-600x400.jpg 600w\" sizes=\"(max-width: 600px) 100vw, 600px\" \/><\/a><\/p>\n<p>El pasado d\u00eda 20 de octubre el club senderista <a href=\"http:\/\/www.facebook.com\/senderismo.lavereina?ref=ts&#038;fref=ts\" target=\"_blank\" rel=\"external nofollow\"><strong>La Vereina de C\u00e1ceres<\/strong><\/a> realiz\u00f3 una de las rutas m\u00e1s bellas e interesantes de Extremadura. La marcha que realiz\u00f3 el emperador Carlos V de Tornavacas a Jarandilla de la Vera, localidad cacere\u00f1a donde pas\u00f3 unos meses hasta que se adecu\u00f3 para su retiro el Monasterio de Yuste. Leo Acedo comparte con todos los senderistas las <a href=\"http:\/\/www.hoy.es\/multimedia\/fotos\/ultimos\/109392-ruta-carlos-tornavacas-jarandilla-vera-0.html\" rel=\"external nofollow\"><strong>fotos que tom\u00f3 en la ruta<\/strong><\/a>.<\/p>\n<!-- AddThis Advanced Settings generic via filter on the_content --><!-- AddThis Share Buttons generic via filter on the_content -->","protected":false},"excerpt":{"rendered":"<p>El pasado d\u00eda 20 de octubre el club senderista La Vereina de C\u00e1ceres realiz\u00f3 una de las rutas m\u00e1s bellas e interesantes de Extremadura. La marcha que realiz\u00f3 el emperador Carlos V de Tornavacas a Jarandilla de la Vera, localidad cacere\u00f1a donde pas\u00f3 unos meses hasta que se adecu\u00f3 para su retiro el Monasterio de [&hellip;]<!-- AddThis Advanced Settings generic via filter on get_the_excerpt --><!-- AddThis Share Buttons generic via filter on get_the_excerpt --><\/p>\n","protected":false},"author":27,"featured_media":0,"comment_status":"open","ping_status":"closed","sticky":false,"template":"","format":"standard","meta":[],"categories":[4],"tags":[121,162,301,412,1019,1046,1075,1111],"_links":{"self":[{"href":"https:\/\/blogs.hoy.es\/senderosextremadura\/wp-json\/wp\/v2\/posts\/961"}],"collection":[{"href":"https:\/\/blogs.hoy.es\/senderosextremadura\/wp-json\/wp\/v2\/posts"}],"about":[{"href":"https:\/\/blogs.hoy.es\/senderosextremadura\/wp-json\/wp\/v2\/types\/post"}],"author":[{"embeddable":true,"href":"https:\/\/blogs.hoy.es\/senderosextremadura\/wp-json\/wp\/v2\/users\/27"}],"replies":[{"embeddable":true,"href":"https:\/\/blogs.hoy.es\/senderosextremadura\/wp-json\/wp\/v2\/comments?post=961"}],"version-history":[{"count":0,"href":"https:\/\/blogs.hoy.es\/senderosextremadura\/wp-json\/wp\/v2\/posts\/961\/revisions"}],"wp:attachment":[{"href":"https:\/\/blogs.hoy.es\/senderosextremadura\/wp-json\/wp\/v2\/media?parent=961"}],"wp:term":[{"taxonomy":"category","embeddable":true,"href":"https:\/\/blogs.hoy.es\/senderosextremadura\/wp-json\/wp\/v2\/categories?post=961"},{"taxonomy":"post_tag","embeddable":true,"href":"https:\/\/blogs.hoy.es\/senderosextremadura\/wp-json\/wp\/v2\/tags?post=961"}],"curies":[{"name":"wp","href":"https:\/\/api.w.org\/{rel}","templated":true}]}}