{"id":969,"date":"2012-11-06T09:54:17","date_gmt":"2012-11-06T09:54:17","guid":{"rendered":"http:\/\/blogs.hoy.es\/senderosextremadura\/?p=969"},"modified":"2012-11-06T09:54:17","modified_gmt":"2012-11-06T09:54:17","slug":"la-verea-caminara-por-la-via-de-la-plata-11-de-noviembre","status":"publish","type":"post","link":"https:\/\/blogs.hoy.es\/senderosextremadura\/2012\/11\/06\/la-verea-caminara-por-la-via-de-la-plata-11-de-noviembre\/","title":{"rendered":"La Verea caminar\u00e1 por la V\u00eda de la Plata (11 de noviembre)"},"content":{"rendered":"<p><a href=\"https:\/\/blogs.hoy.es\/senderosextremadura\/2012\/11\/06\/la-verea-caminara-por-la-via-de-la-plata-11-de-noviembre\/rutasss\/\" rel=\"attachment wp-att-970\"><img loading=\"lazy\" class=\"aligncenter size-full wp-image-970\" title=\"rutasss\" src=\"\/senderosextremadura\/wp-content\/uploads\/sites\/22\/2012\/11\/rutasss.jpg\" alt=\"\" width=\"400\" height=\"300\" srcset=\"https:\/\/static-blogs.hoy.es\/wp-content\/uploads\/sites\/22\/2012\/11\/rutasss.jpg 400w, https:\/\/static-blogs.hoy.es\/wp-content\/uploads\/sites\/22\/2012\/11\/rutasss-300x225.jpg 300w\" sizes=\"(max-width: 400px) 100vw, 400px\" \/><\/a><\/p>\n<p>La <a href=\"http:\/\/www.facebook.com\/senderismo.laverea?fref=ts\" target=\"_blank\" rel=\"external nofollow\"><strong>Asociaci\u00f3n Senderista y Cultural\u00a0 La Verea<\/strong><\/a> de <a href=\"www.hoylossantosdemaimona.es\" target=\"_blank\"><strong>Los Santos de Maimona<\/strong><\/a> ha programado para el pr\u00f3ximo <strong>domingo d\u00eda 11<\/strong> una r\u00faa por la V\u00eda de la Plata, en el tramo M\u00e9rida-Aljuc\u00e9n. Se trata de una marcha de 17 kil\u00f3metros y dificultad media. Los caminantes saldr\u00e1n a las 8.15 hroas desde la puerta de la Universidad Popular. Para el gasto de desplazamiento los socios tendr\u00e1n que abonar tres euros, y los no socios, 4. Se pagar\u00e1n a la salida de la ruta.<\/p>\n<p>Los organizadores piden m\u00e1xima puntualidad y llevar calzado adecuado y ropa c\u00f3moda, acorde con la previsi\u00f3n meteorol\u00f3gica, adem\u00e1s de algo de <a href=\"https:\/\/blogs.hoy.es\/senderosextremadura\/2012\/11\/05\/alimentacion-en-montana\/\" target=\"_blank\"><strong>comida para reponer fuerzas durante el camino<\/strong><\/a>.<\/p>\n<p>&nbsp;<\/p>\n<!-- AddThis Advanced Settings generic via filter on the_content --><!-- AddThis Share Buttons generic via filter on the_content -->","protected":false},"excerpt":{"rendered":"<p>La Asociaci\u00f3n Senderista y Cultural\u00a0 La Verea de Los Santos de Maimona ha programado para el pr\u00f3ximo domingo d\u00eda 11 una r\u00faa por la V\u00eda de la Plata, en el tramo M\u00e9rida-Aljuc\u00e9n. Se trata de una marcha de 17 kil\u00f3metros y dificultad media. Los caminantes saldr\u00e1n a las 8.15 hroas desde la puerta de la [&hellip;]<!-- AddThis Advanced Settings generic via filter on get_the_excerpt --><!-- AddThis Share Buttons generic via filter on get_the_excerpt --><\/p>\n","protected":false},"author":27,"featured_media":0,"comment_status":"open","ping_status":"closed","sticky":false,"template":"","format":"standard","meta":[],"categories":[4],"tags":[37,86,301,473,495,641,713,895,906,942],"_links":{"self":[{"href":"https:\/\/blogs.hoy.es\/senderosextremadura\/wp-json\/wp\/v2\/posts\/969"}],"collection":[{"href":"https:\/\/blogs.hoy.es\/senderosextremadura\/wp-json\/wp\/v2\/posts"}],"about":[{"href":"https:\/\/blogs.hoy.es\/senderosextremadura\/wp-json\/wp\/v2\/types\/post"}],"author":[{"embeddable":true,"href":"https:\/\/blogs.hoy.es\/senderosextremadura\/wp-json\/wp\/v2\/users\/27"}],"replies":[{"embeddable":true,"href":"https:\/\/blogs.hoy.es\/senderosextremadura\/wp-json\/wp\/v2\/comments?post=969"}],"version-history":[{"count":0,"href":"https:\/\/blogs.hoy.es\/senderosextremadura\/wp-json\/wp\/v2\/posts\/969\/revisions"}],"wp:attachment":[{"href":"https:\/\/blogs.hoy.es\/senderosextremadura\/wp-json\/wp\/v2\/media?parent=969"}],"wp:term":[{"taxonomy":"category","embeddable":true,"href":"https:\/\/blogs.hoy.es\/senderosextremadura\/wp-json\/wp\/v2\/categories?post=969"},{"taxonomy":"post_tag","embeddable":true,"href":"https:\/\/blogs.hoy.es\/senderosextremadura\/wp-json\/wp\/v2\/tags?post=969"}],"curies":[{"name":"wp","href":"https:\/\/api.w.org\/{rel}","templated":true}]}}