{"id":972,"date":"2012-11-06T16:35:50","date_gmt":"2012-11-06T16:35:50","guid":{"rendered":"http:\/\/blogs.hoy.es\/senderosextremadura\/?p=972"},"modified":"2012-11-06T16:35:50","modified_gmt":"2012-11-06T16:35:50","slug":"con-los-ninos-por-la-sierra-de-tentudia-11-de-noviembre","status":"publish","type":"post","link":"https:\/\/blogs.hoy.es\/senderosextremadura\/2012\/11\/06\/con-los-ninos-por-la-sierra-de-tentudia-11-de-noviembre\/","title":{"rendered":"Recorre la Sierra de Tentud\u00eda (11 de noviembre)"},"content":{"rendered":"<p><span style=\"font-size: small;\"><strong><a href=\"https:\/\/blogs.hoy.es\/senderosextremadura\/2012\/11\/06\/con-los-ninos-por-la-sierra-de-tentudia-11-de-noviembre\/sierra\/\" rel=\"attachment wp-att-974\"><img loading=\"lazy\" class=\"aligncenter size-large wp-image-974\" title=\"sierra-\" src=\"\/senderosextremadura\/wp-content\/uploads\/sites\/22\/2012\/11\/sierra-.jpg\" alt=\"\" width=\"600\" height=\"278\" srcset=\"https:\/\/static-blogs.hoy.es\/wp-content\/uploads\/sites\/22\/2012\/11\/sierra-.jpg 647w, https:\/\/static-blogs.hoy.es\/wp-content\/uploads\/sites\/22\/2012\/11\/sierra--300x139.jpg 300w, https:\/\/static-blogs.hoy.es\/wp-content\/uploads\/sites\/22\/2012\/11\/sierra--600x278.jpg 600w\" sizes=\"(max-width: 600px) 100vw, 600px\" \/><\/a><\/strong><\/span><\/p>\n<p><span style=\"font-size: small;\"><a href=\"http:\/\/www.caleradeleon.es\/\" target=\"_blank\" rel=\"external nofollow\"><strong>Calera de Le\u00f3n<\/strong><\/a> acoge el pr\u00f3ximo <strong>domingo 11 de noviembre<\/strong> una ruta por la Sierra de Tentud\u00eda. Se trata de una <strong>marcha circular de unos once kil\u00f3metros<\/strong> organizada por la Concejal\u00eda de Deportes del Ayuntamiento pacense.\u00a0 La marcha est\u00e1 indicada tambi\u00e9n para menores a partir de once a\u00f1os. La salida tendr\u00e1 lugar a las diez de la ma\u00f1ana en la Plaza de Espa\u00f1a y su finalizaci\u00f3n est\u00e1 prevista para las 14 horas. <\/span><\/p>\n<p>La Sierra de Tentud\u00eda est\u00e1 situada en la parte meridional de Extremadura, en las <strong>estribaciones de Sierra Morena,<\/strong> en un conjunto de elevaciones alineadas de este a oeste, que conforman una aut\u00e9ntica muralla.<br \/>\nEsta zona de Extremadura se compone de una rica flora, donde la altitud es mayor, se dan cita bosques de robles, casta\u00f1os y repoblaciones forestales de con\u00edferas como el pino pi\u00f1onero y el pino resinero, tambi\u00e9n abunda el quejigo y a \u00e9ste se agregan jaras, brezos, tomillo, madro\u00f1os, torviscos\u2026 En menor porcentaje y distribuy\u00e9ndose de forma dispersa encontramos olivares, higuerales y algunos almendros.<\/p>\n<p>Entre la fauna encontramos m\u00e1s de 225 especies destacando peces como el jaramugo, anfibios como el trit\u00f3n ib\u00e9rico, la salamandra o el sapo com\u00fan. Desde las alturas aves como el milano real, el \u00e1guila calzada, real o imperial, buitres, milanos, cig\u00fce\u00f1as\u2026 Igualmente, los amantes de la caza pueden encontrar caza mayor en los bosques de Tentud\u00eda, destacan los ciervos, jabal\u00edes, zorros, etc.<\/p>\n<p><span style=\"font-size: small;\">Para participar en la ruta que recorrer\u00e1 bonitos\u00a0\u00a0 parajes de la sierra es necesario inscribirse en el tel\u00e9fono 924 58 40 84 o en el <strong>Centro Cultural de Calera de Le\u00f3n<\/strong> antes del 9 de noviembre. El desplazamiento hasta el lugar del inicio de la ruta correr\u00e1 a cargo de los participantes.<\/span><\/p>\n<p>Actualmente se pueden realizar dos rutas senderistas en el Monte de Tentud\u00eda y sus faldas.<\/p>\n<ul>\n<li><strong>Ruta de los Ecosistemas Forestales<\/strong>: en esta ruta, a trav\u00e9s de los paneles informativos, se llega a conocer el origen del monte, su ecolog\u00eda, su conservaci\u00f3n\u2026 Adem\u00e1s durante el recorrido se aprecian los cinco ecosistemas forestales que pueblan el monte.\u00a0<strong><\/strong><\/li>\n<li><strong>Ruta de la Pantaneta<\/strong>: a esta ruta le da nombre una peque\u00f1a presa que se encuentra en el Barranco del Moro junto a una peque\u00f1a zona de recreo, adem\u00e1s de rodearse de impresionantes pinares.<\/li>\n<\/ul>\n<!-- AddThis Advanced Settings generic via filter on the_content --><!-- AddThis Share Buttons generic via filter on the_content -->","protected":false},"excerpt":{"rendered":"<p>Calera de Le\u00f3n acoge el pr\u00f3ximo domingo 11 de noviembre una ruta por la Sierra de Tentud\u00eda. Se trata de una marcha circular de unos once kil\u00f3metros organizada por la Concejal\u00eda de Deportes del Ayuntamiento pacense.\u00a0 La marcha est\u00e1 indicada tambi\u00e9n para menores a partir de once a\u00f1os. La salida tendr\u00e1 lugar a las diez [&hellip;]<!-- AddThis Advanced Settings generic via filter on get_the_excerpt --><!-- AddThis Share Buttons generic via filter on get_the_excerpt --><\/p>\n","protected":false},"author":27,"featured_media":0,"comment_status":"open","ping_status":"closed","sticky":false,"template":"","format":"standard","meta":[],"categories":[4],"tags":[86,129,301,448,480,494,712,713,906,942,1015,1039],"_links":{"self":[{"href":"https:\/\/blogs.hoy.es\/senderosextremadura\/wp-json\/wp\/v2\/posts\/972"}],"collection":[{"href":"https:\/\/blogs.hoy.es\/senderosextremadura\/wp-json\/wp\/v2\/posts"}],"about":[{"href":"https:\/\/blogs.hoy.es\/senderosextremadura\/wp-json\/wp\/v2\/types\/post"}],"author":[{"embeddable":true,"href":"https:\/\/blogs.hoy.es\/senderosextremadura\/wp-json\/wp\/v2\/users\/27"}],"replies":[{"embeddable":true,"href":"https:\/\/blogs.hoy.es\/senderosextremadura\/wp-json\/wp\/v2\/comments?post=972"}],"version-history":[{"count":0,"href":"https:\/\/blogs.hoy.es\/senderosextremadura\/wp-json\/wp\/v2\/posts\/972\/revisions"}],"wp:attachment":[{"href":"https:\/\/blogs.hoy.es\/senderosextremadura\/wp-json\/wp\/v2\/media?parent=972"}],"wp:term":[{"taxonomy":"category","embeddable":true,"href":"https:\/\/blogs.hoy.es\/senderosextremadura\/wp-json\/wp\/v2\/categories?post=972"},{"taxonomy":"post_tag","embeddable":true,"href":"https:\/\/blogs.hoy.es\/senderosextremadura\/wp-json\/wp\/v2\/tags?post=972"}],"curies":[{"name":"wp","href":"https:\/\/api.w.org\/{rel}","templated":true}]}}