{"id":975,"date":"2012-11-07T16:59:00","date_gmt":"2012-11-07T16:59:00","guid":{"rendered":"http:\/\/blogs.hoy.es\/senderosextremadura\/?p=975"},"modified":"2012-11-07T16:59:00","modified_gmt":"2012-11-07T16:59:00","slug":"el-circuito-extremeno-de-rutas-senderistas-recala-en-el-ambroz-25-de-noviembre","status":"publish","type":"post","link":"https:\/\/blogs.hoy.es\/senderosextremadura\/2012\/11\/07\/el-circuito-extremeno-de-rutas-senderistas-recala-en-el-ambroz-25-de-noviembre\/","title":{"rendered":"El Circuito Extreme\u00f1o de Rutas Senderistas recala en el Ambroz (25 de noviembre)"},"content":{"rendered":"<p><strong><\/strong><a href=\"https:\/\/blogs.hoy.es\/senderosextremadura\/2012\/11\/07\/el-circuito-extremeno-de-rutas-senderistas-recala-en-el-ambroz-25-de-noviembre\/valle-ambroz\/\" rel=\"attachment wp-att-976\"><img loading=\"lazy\" class=\"aligncenter size-large wp-image-976\" title=\"valle-ambroz\" src=\"\/senderosextremadura\/wp-content\/uploads\/sites\/22\/2012\/11\/valle-ambroz.jpg\" alt=\"\" width=\"600\" height=\"400\" srcset=\"https:\/\/static-blogs.hoy.es\/wp-content\/uploads\/sites\/22\/2012\/11\/valle-ambroz.jpg 960w, https:\/\/static-blogs.hoy.es\/wp-content\/uploads\/sites\/22\/2012\/11\/valle-ambroz-300x200.jpg 300w, https:\/\/static-blogs.hoy.es\/wp-content\/uploads\/sites\/22\/2012\/11\/valle-ambroz-768x512.jpg 768w, https:\/\/static-blogs.hoy.es\/wp-content\/uploads\/sites\/22\/2012\/11\/valle-ambroz-600x400.jpg 600w\" sizes=\"(max-width: 600px) 100vw, 600px\" \/><\/a><\/p>\n<p>S\u00ed, otra ruta por el <a href=\"http:\/\/www.valleambroz.org\/\" target=\"_blank\" rel=\"external nofollow\"><strong>Valle del Ambroz<\/strong>.<\/a> Nadie quiere perderse el esplendor de sus bosques en estas fechas. No pod\u00eda faltar un parada en esta hermosa comarca del norte cacere\u00f1o en el <strong>Circuito Extreme\u00f1o de Rutas Senderistas 2012<\/strong>. Seg\u00fan publica la <a href=\"http:\/\/www.fexme.com\/portal\/Noticias\/tabid\/58\/articleType\/ArticleView\/articleId\/436\/15-Prueba-Circuito-Extremeno-de-Rutas-Senderistas.aspx\" target=\"_blank\" rel=\"external nofollow\"><strong>Fexme<\/strong><\/a> en su web,\u00a0 el pr\u00f3ximo 25 de noviembre se celebra la <strong>XIV Marcha<\/strong><strong> Senderista \u201cBosques del Ambroz<\/strong>\u201d englobada dentro de las actividades del\u00a0Oto\u00f1o M\u00e1gico 2012<strong>.<\/strong><\/p>\n<p>La ruta de 22 Kil\u00f3metros es lineal, tiene salida en La Garganta y llegada a Segura de Toro, pasando por Herv\u00e1s y Gargantilla y se encuentra se\u00f1alizada y homologada como <a href=\"http:\/\/www.fexme.com\/portal\/Senderos\/SenderosBasedeDatos\/tabid\/101\/agentType\/View\/PropertyID\/34\/Default.aspx\" target=\"_blank\" rel=\"external nofollow\">PR-CC 37<\/a>.<\/p>\n<p>El plazo de inscripci\u00f3n ya est\u00e1 abierto y finaliza el 15 de noviembre, se deben tramitar las inscripciones a trav\u00e9s de la web <strong><a href=\"http:\/\/www.visitambroz.com\/\" target=\"_blank\" rel=\"external nofollow\">www.visitambroz.com<\/a><\/strong>.<\/p>\n<p><a href=\"http:\/\/www.hoy.es\/multimedia\/fotos\/ultimos\/109852-ruta-otono-magico-valle-ambroz-0.html\" rel=\"external nofollow\"><strong>GALER\u00cdA DE FOTOS DE LA RUTA<\/strong><\/a><\/p>\n<p>&nbsp;<\/p>\n<!-- AddThis Advanced Settings generic via filter on the_content --><!-- AddThis Share Buttons generic via filter on the_content -->","protected":false},"excerpt":{"rendered":"<p>S\u00ed, otra ruta por el Valle del Ambroz. Nadie quiere perderse el esplendor de sus bosques en estas fechas. No pod\u00eda faltar un parada en esta hermosa comarca del norte cacere\u00f1o en el Circuito Extreme\u00f1o de Rutas Senderistas 2012. Seg\u00fan publica la Fexme en su web,\u00a0 el pr\u00f3ximo 25 de noviembre se celebra la XIV [&hellip;]<!-- AddThis Advanced Settings generic via filter on get_the_excerpt --><!-- AddThis Share Buttons generic via filter on get_the_excerpt --><\/p>\n","protected":false},"author":27,"featured_media":0,"comment_status":"open","ping_status":"closed","sticky":false,"template":"","format":"standard","meta":[],"categories":[4],"tags":[49,107,133,301,338,381,480,906,954,1035,1058],"_links":{"self":[{"href":"https:\/\/blogs.hoy.es\/senderosextremadura\/wp-json\/wp\/v2\/posts\/975"}],"collection":[{"href":"https:\/\/blogs.hoy.es\/senderosextremadura\/wp-json\/wp\/v2\/posts"}],"about":[{"href":"https:\/\/blogs.hoy.es\/senderosextremadura\/wp-json\/wp\/v2\/types\/post"}],"author":[{"embeddable":true,"href":"https:\/\/blogs.hoy.es\/senderosextremadura\/wp-json\/wp\/v2\/users\/27"}],"replies":[{"embeddable":true,"href":"https:\/\/blogs.hoy.es\/senderosextremadura\/wp-json\/wp\/v2\/comments?post=975"}],"version-history":[{"count":0,"href":"https:\/\/blogs.hoy.es\/senderosextremadura\/wp-json\/wp\/v2\/posts\/975\/revisions"}],"wp:attachment":[{"href":"https:\/\/blogs.hoy.es\/senderosextremadura\/wp-json\/wp\/v2\/media?parent=975"}],"wp:term":[{"taxonomy":"category","embeddable":true,"href":"https:\/\/blogs.hoy.es\/senderosextremadura\/wp-json\/wp\/v2\/categories?post=975"},{"taxonomy":"post_tag","embeddable":true,"href":"https:\/\/blogs.hoy.es\/senderosextremadura\/wp-json\/wp\/v2\/tags?post=975"}],"curies":[{"name":"wp","href":"https:\/\/api.w.org\/{rel}","templated":true}]}}