{"id":983,"date":"2012-11-13T11:46:57","date_gmt":"2012-11-13T11:46:57","guid":{"rendered":"http:\/\/blogs.hoy.es\/senderosextremadura\/?p=983"},"modified":"2012-11-13T11:46:57","modified_gmt":"2012-11-13T11:46:57","slug":"caminando-por-las-alquerias-mas-reconditas-de-las-hurdes-18-de-noviembre","status":"publish","type":"post","link":"https:\/\/blogs.hoy.es\/senderosextremadura\/2012\/11\/13\/caminando-por-las-alquerias-mas-reconditas-de-las-hurdes-18-de-noviembre\/","title":{"rendered":"Caminando por rec\u00f3nditas alquer\u00edas de Las Hurdes (18 de noviembre)"},"content":{"rendered":"<div id=\"attachment_985\" style=\"width: 610px\" class=\"wp-caption aligncenter\"><a href=\"https:\/\/blogs.hoy.es\/senderosextremadura\/2012\/11\/13\/caminando-por-las-alquerias-mas-reconditas-de-las-hurdes-18-de-noviembre\/hurdes-3\/\" rel=\"attachment wp-att-985\"><img aria-describedby=\"caption-attachment-985\" loading=\"lazy\" class=\"size-full wp-image-985\" title=\"Puente junto al r\u00edo Cambr\u00f3n \/ www.mancomunidadhurdes.org\" src=\"\/senderosextremadura\/wp-content\/uploads\/sites\/22\/2012\/11\/hurdes.jpg\" alt=\"Puente junto al r\u00edo Cambr\u00f3n \/ www.mancomunidadhurdes.org\" width=\"600\" height=\"300\" srcset=\"https:\/\/static-blogs.hoy.es\/wp-content\/uploads\/sites\/22\/2012\/11\/hurdes.jpg 600w, https:\/\/static-blogs.hoy.es\/wp-content\/uploads\/sites\/22\/2012\/11\/hurdes-300x150.jpg 300w\" sizes=\"(max-width: 600px) 100vw, 600px\" \/><\/a><p id=\"caption-attachment-985\" class=\"wp-caption-text\">Puente junto al r\u00edo Cambr\u00f3n \/ www.mancomunidadhurdes.org<\/p><\/div>\n<p style=\"text-align: center;\">\n<p>El pr\u00f3ximo domingo 18 de noviembre la <strong>asociaci\u00f3n senderista El Bord\u00f3n de Plasencia<\/strong> realizar\u00e1 una marcha por la <a href=\"http:\/\/es.wikipedia.org\/wiki\/Las_Hurdes\" rel=\"external nofollow\"><strong>comarca cacere\u00f1a de Las Hurdes<\/strong><\/a>. La \u2018Ruta de las Alquer\u00edas\u2019 recorre 17 kil\u00f3metros y arranca en Gata.<\/p>\n<p>La salida tendr\u00e1 lugar a las 7.30 horqas desde la puerta del parque de los Pinos y el regreso est\u00e1 previsto hacia el mediod\u00eda. El punto de partida corresponde al final de la primera etapa que concluy\u00f3 El Bord\u00f3n en La Aldehuela y el destino final ser\u00e1 <a href=\"http:\/\/es.wikipedia.org\/wiki\/Pinofranqueado\" rel=\"external nofollow\"><strong>Pinofranqueado<\/strong><\/a>. Se trata de una ruta claramente descendente. El nivel del mar en el inicio marca 747 metros y termina en \u00a0443 metros.<\/p>\n<p>A lo largo del camino se disfruta la arquitectura rural hurdana. Se atraviesan alquer\u00edas muy despobladas, en las que apenas vive alguna familia o est\u00e1n desiertas en distintas \u00e9pocas del a\u00f1o.<\/p>\n<p>La primera que encontramos y tras cruzar el r\u00edo Esparaban es <strong>Erias<\/strong>. Si tenemos suerte y el \u00fanico bar existente, \u2018La Laguna\u2019, est\u00e1 abierto podremos tomar un caf\u00e9 acompa\u00f1ado por un buen trozo de tarta casera. Antes de ello, visitaremos un petroglifo.<\/p>\n<p>La segunda alquer\u00eda que los caminantes encontrar\u00e1n es Castillo. Inevitablemente tendremos que atravesar nuevamente el <strong>r\u00edo Esparaban<\/strong> por el puente sobre la CC-155.<\/p>\n<p>El tramo ahora de inc\u00f3moda carretera por unos pocos centenares de metros, tiene como ventaja el apenas existente o nulo tr\u00e1nsito de veh\u00edculos y nos ir\u00e1 acercando a la siguiente alquer\u00eda de nombre Robledo, que nos introduce en gratificantes senderos por los que transitaremos hasta la siguiente de nombre \u2018Muela\u2019.<\/p>\n<p>Es la \u00faltima alquer\u00eda por hoy. Poco m\u00e1s adelante el final se presenta ante nosotros con el nombre de Pinofranqueado. Antes de acabar tendremos la oportunidad de contemplar otro petroglifo, de nombre \u2018Los Cuchillos\u2019 y de origen romano.<\/p>\n<p>Informaci\u00f3n cedida por Jes\u00fas Mu\u00f1oz Garc\u00eda, asociaci\u00f3n El Bord\u00f3n.<\/p>\n<!-- AddThis Advanced Settings generic via filter on the_content --><!-- AddThis Share Buttons generic via filter on the_content -->","protected":false},"excerpt":{"rendered":"<p>El pr\u00f3ximo domingo 18 de noviembre la asociaci\u00f3n senderista El Bord\u00f3n de Plasencia realizar\u00e1 una marcha por la comarca cacere\u00f1a de Las Hurdes. La \u2018Ruta de las Alquer\u00edas\u2019 recorre 17 kil\u00f3metros y arranca en Gata. La salida tendr\u00e1 lugar a las 7.30 horqas desde la puerta del parque de los Pinos y el regreso est\u00e1 [&hellip;]<!-- AddThis Advanced Settings generic via filter on get_the_excerpt --><!-- AddThis Share Buttons generic via filter on get_the_excerpt --><\/p>\n","protected":false},"author":27,"featured_media":0,"comment_status":"open","ping_status":"closed","sticky":false,"template":"","format":"standard","meta":[],"categories":[4],"tags":[44,121,301,398],"_links":{"self":[{"href":"https:\/\/blogs.hoy.es\/senderosextremadura\/wp-json\/wp\/v2\/posts\/983"}],"collection":[{"href":"https:\/\/blogs.hoy.es\/senderosextremadura\/wp-json\/wp\/v2\/posts"}],"about":[{"href":"https:\/\/blogs.hoy.es\/senderosextremadura\/wp-json\/wp\/v2\/types\/post"}],"author":[{"embeddable":true,"href":"https:\/\/blogs.hoy.es\/senderosextremadura\/wp-json\/wp\/v2\/users\/27"}],"replies":[{"embeddable":true,"href":"https:\/\/blogs.hoy.es\/senderosextremadura\/wp-json\/wp\/v2\/comments?post=983"}],"version-history":[{"count":0,"href":"https:\/\/blogs.hoy.es\/senderosextremadura\/wp-json\/wp\/v2\/posts\/983\/revisions"}],"wp:attachment":[{"href":"https:\/\/blogs.hoy.es\/senderosextremadura\/wp-json\/wp\/v2\/media?parent=983"}],"wp:term":[{"taxonomy":"category","embeddable":true,"href":"https:\/\/blogs.hoy.es\/senderosextremadura\/wp-json\/wp\/v2\/categories?post=983"},{"taxonomy":"post_tag","embeddable":true,"href":"https:\/\/blogs.hoy.es\/senderosextremadura\/wp-json\/wp\/v2\/tags?post=983"}],"curies":[{"name":"wp","href":"https:\/\/api.w.org\/{rel}","templated":true}]}}