{"id":989,"date":"2012-11-14T21:49:17","date_gmt":"2012-11-14T21:49:17","guid":{"rendered":"http:\/\/blogs.hoy.es\/senderosextremadura\/?p=989"},"modified":"2012-11-14T21:49:17","modified_gmt":"2012-11-14T21:49:17","slug":"ruta-de-alfonso-xiii-por-las-hurdes-25-de-noviembre","status":"publish","type":"post","link":"https:\/\/blogs.hoy.es\/senderosextremadura\/2012\/11\/14\/ruta-de-alfonso-xiii-por-las-hurdes-25-de-noviembre\/","title":{"rendered":"Ruta de Alfonso XIII por Las Hurdes (25 de noviembre)"},"content":{"rendered":"<p>El <strong>Grupo Placentino de Monta\u00f1a<\/strong> ha organizado la ruta de Alfonso XIII en la comarca cacere\u00f1a de <strong>Las Hurdes<\/strong>. Una marcha que dedican a Chopo, &#8220;una persona noble, un caballero, un gentil hombre, un ser tan singular, un se\u00f1or que no pod\u00eda verse rodeado nada m\u00e1s que de emperadores, reyes y amigos&#8221;. El itinerario completo comprende un recorrido de 23 kil\u00f3metros, el corto, 14. Inscribirse en esta actividad cuesta 11 euros. Para m\u00e1s informaci\u00f3n contactar con la organizaci\u00f3n en\u00a0\u00a0<a href=\"mailto:contactogpm@gmail.com\" target=\"_blank\">contactogpm@gmail.com<\/a>.<\/p>\n<div id=\"attachment_990\" style=\"width: 610px\" class=\"wp-caption aligncenter\"><a href=\"https:\/\/blogs.hoy.es\/senderosextremadura\/2012\/11\/14\/ruta-de-alfonso-xiii-por-las-hurdes-25-de-noviembre\/chopo\/\" rel=\"attachment wp-att-990\"><img aria-describedby=\"caption-attachment-990\" loading=\"lazy\" class=\"size-large wp-image-990\" title=\"Cartel de la ruta\" src=\"\/senderosextremadura\/wp-content\/uploads\/sites\/22\/2012\/11\/chopo.jpg\" alt=\"Cartel de la ruta\" width=\"600\" height=\"300\" srcset=\"https:\/\/static-blogs.hoy.es\/wp-content\/uploads\/sites\/22\/2012\/11\/chopo.jpg 800w, https:\/\/static-blogs.hoy.es\/wp-content\/uploads\/sites\/22\/2012\/11\/chopo-300x150.jpg 300w, https:\/\/static-blogs.hoy.es\/wp-content\/uploads\/sites\/22\/2012\/11\/chopo-768x384.jpg 768w, https:\/\/static-blogs.hoy.es\/wp-content\/uploads\/sites\/22\/2012\/11\/chopo-600x300.jpg 600w\" sizes=\"(max-width: 600px) 100vw, 600px\" \/><\/a><p id=\"caption-attachment-990\" class=\"wp-caption-text\">Cartel de la ruta<\/p><\/div>\n<!-- AddThis Advanced Settings generic via filter on the_content --><!-- AddThis Share Buttons generic via filter on the_content -->","protected":false},"excerpt":{"rendered":"<p>El Grupo Placentino de Monta\u00f1a ha organizado la ruta de Alfonso XIII en la comarca cacere\u00f1a de Las Hurdes. Una marcha que dedican a Chopo, &#8220;una persona noble, un caballero, un gentil hombre, un ser tan singular, un se\u00f1or que no pod\u00eda verse rodeado nada m\u00e1s que de emperadores, reyes y amigos&#8221;. El itinerario completo [&hellip;]<!-- AddThis Advanced Settings generic via filter on get_the_excerpt --><!-- AddThis Share Buttons generic via filter on get_the_excerpt --><\/p>\n","protected":false},"author":27,"featured_media":0,"comment_status":"open","ping_status":"closed","sticky":false,"template":"","format":"standard","meta":[],"categories":[4],"tags":[29,121,301,398,639,713,906],"_links":{"self":[{"href":"https:\/\/blogs.hoy.es\/senderosextremadura\/wp-json\/wp\/v2\/posts\/989"}],"collection":[{"href":"https:\/\/blogs.hoy.es\/senderosextremadura\/wp-json\/wp\/v2\/posts"}],"about":[{"href":"https:\/\/blogs.hoy.es\/senderosextremadura\/wp-json\/wp\/v2\/types\/post"}],"author":[{"embeddable":true,"href":"https:\/\/blogs.hoy.es\/senderosextremadura\/wp-json\/wp\/v2\/users\/27"}],"replies":[{"embeddable":true,"href":"https:\/\/blogs.hoy.es\/senderosextremadura\/wp-json\/wp\/v2\/comments?post=989"}],"version-history":[{"count":0,"href":"https:\/\/blogs.hoy.es\/senderosextremadura\/wp-json\/wp\/v2\/posts\/989\/revisions"}],"wp:attachment":[{"href":"https:\/\/blogs.hoy.es\/senderosextremadura\/wp-json\/wp\/v2\/media?parent=989"}],"wp:term":[{"taxonomy":"category","embeddable":true,"href":"https:\/\/blogs.hoy.es\/senderosextremadura\/wp-json\/wp\/v2\/categories?post=989"},{"taxonomy":"post_tag","embeddable":true,"href":"https:\/\/blogs.hoy.es\/senderosextremadura\/wp-json\/wp\/v2\/tags?post=989"}],"curies":[{"name":"wp","href":"https:\/\/api.w.org\/{rel}","templated":true}]}}